{"id":12853,"date":"2014-05-26T00:03:29","date_gmt":"2014-05-25T23:03:29","guid":{"rendered":"http:\/\/diariodevurgos.com\/dvwps\/?p=12853"},"modified":"2014-05-25T22:06:24","modified_gmt":"2014-05-25T21:06:24","slug":"la-asamblea-de-fuentecillas-rechaza-la-nueva-propuesta-del-ayuntamiento-de-burgos","status":"publish","type":"post","link":"https:\/\/diariodevurgos.com\/dvwps\/la-asamblea-de-fuentecillas-rechaza-la-nueva-propuesta-del-ayuntamiento-de-burgos.php","title":{"rendered":"La Asamblea de Fuentecillas rechaza la nueva propuesta del Ayuntamiento de Burgos"},"content":{"rendered":"<p class=\"lead\">La asamblea vecinal en contra del vial elevado de Fuentecillas ha decidido rechazar la nueva propuesta hecha Ayuntamiento de Burgos para minimizar el impacto del vial para el vecindario.<\/p>\n<p style=\"text-align: center;\"><img loading=\"lazy\" class=\"aligncenter size-full wp-image-12854\" title=\"Fuentecillas\" src=\"http:\/\/diariodevurgos.com\/dvwps\/wp-content\/uploads\/2014\/05\/Fuentecillas.jpg\" alt=\"Fuentecillas\" width=\"361\" height=\"202\" srcset=\"https:\/\/diariodevurgos.com\/dvwps\/wp-content\/uploads\/2014\/05\/Fuentecillas.jpg 830w, https:\/\/diariodevurgos.com\/dvwps\/wp-content\/uploads\/2014\/05\/Fuentecillas-300x168.jpg 300w\" sizes=\"(max-width: 361px) 100vw, 361px\" \/><\/p>\n<p><!--more--><\/p>\n<p>La cerca de cien personas \u2013 entre las que se encontraban personas de los barrios de Gamonal, Bakimet y Barriada Yag\u00ed\u00bce- que asistieron a la asamblea de ayer consideran que la nueva modificaci\u00f3n del proyecto sigue sin solucionar el problema de las 50 viviendas del bloque n\u00famero uno de la calle Rebolledas. La nueva propuesta mantiene el vial a la altura de sus ventanas, a una distancia, adem\u00e1s, inferior a los 17 metros contemplados en el primer proyecto. Seg\u00fan el t\u00e9cnico municipal, ser\u00ed\u00ada necesario ampliar hacia las viviendas la anchura de la infraestructura ferroviaria que se quiere aprovechar para poder incluir los dos carriles de tr\u00e1fico y la acera que se incluyen en el proyecto aprobado. De hacerse as\u00ed\u00ad, esto lo sufrir\u00ed\u00adan tambi\u00e9n los otros dos bloques aleda\u00f1os que, si bien ver\u00e1n reducirse progresivamente la cota de la carretera, la tendr\u00ed\u00adan a\u00fan m\u00e1s cerca.<\/p>\n<p>El vecindario ve inviable, adem\u00e1s, el acceso que se promete en la nueva propuesta municipal, ya que se har\u00ed\u00ada a trav\u00e9s de una calle, la de las Rebolledas, que s\u00f3lo tiene dos carriles estrechos \u2013 uno para cada sentido- y 5 entradas a los garajes. El paso del tr\u00e1fico por ah\u00ed\u00ad, aseguran, provocar\u00e1 atascos y nuevas incomodidades.<\/p>\n<p>Por todo ello, el vecindario de Fuentecillas, tacha el nuevo intento del equipo municipal de llegar a un acuerdo de una &#8220;nueva chapuza derivada de la improvisaci\u00f3n constante&#8221;\u009d e insisten en la paralizaci\u00f3n de la segunda fase del proyecto de construcci\u00f3n del vial que unir\u00e1 el Bulevar con la Ronda Interior Norte.<\/p>\n","protected":false},"excerpt":{"rendered":"<p>La asamblea vecinal en contra del vial elevado de Fuentecillas ha decidido rechazar la nueva propuesta hecha Ayuntamiento de Burgos para minimizar el impacto del vial para el vecindario.<\/p>\n","protected":false},"author":2,"featured_media":0,"comment_status":"open","ping_status":"closed","sticky":false,"template":"","format":"standard","meta":[],"categories":[74,2,49],"tags":[],"_links":{"self":[{"href":"https:\/\/diariodevurgos.com\/dvwps\/wp-json\/wp\/v2\/posts\/12853"}],"collection":[{"href":"https:\/\/diariodevurgos.com\/dvwps\/wp-json\/wp\/v2\/posts"}],"about":[{"href":"https:\/\/diariodevurgos.com\/dvwps\/wp-json\/wp\/v2\/types\/post"}],"author":[{"embeddable":true,"href":"https:\/\/diariodevurgos.com\/dvwps\/wp-json\/wp\/v2\/users\/2"}],"replies":[{"embeddable":true,"href":"https:\/\/diariodevurgos.com\/dvwps\/wp-json\/wp\/v2\/comments?post=12853"}],"version-history":[{"count":1,"href":"https:\/\/diariodevurgos.com\/dvwps\/wp-json\/wp\/v2\/posts\/12853\/revisions"}],"predecessor-version":[{"id":12855,"href":"https:\/\/diariodevurgos.com\/dvwps\/wp-json\/wp\/v2\/posts\/12853\/revisions\/12855"}],"wp:attachment":[{"href":"https:\/\/diariodevurgos.com\/dvwps\/wp-json\/wp\/v2\/media?parent=12853"}],"wp:term":[{"taxonomy":"category","embeddable":true,"href":"https:\/\/diariodevurgos.com\/dvwps\/wp-json\/wp\/v2\/categories?post=12853"},{"taxonomy":"post_tag","embeddable":true,"href":"https:\/\/diariodevurgos.com\/dvwps\/wp-json\/wp\/v2\/tags?post=12853"}],"curies":[{"name":"wp","href":"https:\/\/api.w.org\/{rel}","templated":true}]}}