{"id":12867,"date":"2014-05-27T00:03:01","date_gmt":"2014-05-26T23:03:01","guid":{"rendered":"http:\/\/diariodevurgos.com\/dvwps\/?p=12867"},"modified":"2014-05-26T20:10:11","modified_gmt":"2014-05-26T19:10:11","slug":"%c2%bfpor-que-%e2%92%b6","status":"publish","type":"post","link":"https:\/\/diariodevurgos.com\/dvwps\/%c2%bfpor-que-%e2%92%b6.php","title":{"rendered":"\u00bfPor qu\u00e9 (A)?"},"content":{"rendered":"<p class=\"lead\">Con la cabecera &#8220;<strong>\u00bfPor qu\u00e9 (A)?&#8221;\u009d<\/strong>, se puede encontrar por las calles y locales de nuestra ciudad, en formato &#8220;peri\u00f3dico&#8221;\u009d, la publicaci\u00f3n anarquista que sus autorxs presentan con la doble intenci\u00f3n de acercar el pensamiento anarquista a quien lo desconoce y apostar firmemente por convertirse en un espacio de encuentro de todos los y las anarquistas burgaleses en torno a unas ideas que despu\u00e9s de siglos de luchas y derrotas siguen completamente vigentes, porque los tiempos cambian pero la explotaci\u00f3n contin\u00faa&#8230;<\/p>\n<p style=\"text-align: center;\"><img loading=\"lazy\" class=\"aligncenter size-full wp-image-12868\" title=\"cabporquea\" src=\"http:\/\/diariodevurgos.com\/dvwps\/wp-content\/uploads\/2014\/05\/cabporquea.jpg\" alt=\"cabporquea\" width=\"449\" height=\"129\" srcset=\"https:\/\/diariodevurgos.com\/dvwps\/wp-content\/uploads\/2014\/05\/cabporquea.jpg 850w, https:\/\/diariodevurgos.com\/dvwps\/wp-content\/uploads\/2014\/05\/cabporquea-300x86.jpg 300w\" sizes=\"(max-width: 449px) 100vw, 449px\" \/><\/p>\n<p><!--more--><\/p>\n<p><strong>A modo de presentaci\u00f3n<\/strong><br \/>\n\u00ed\u0161ltimamente en casi todos los medios de comunicaci\u00f3n o\u00ed\u00admos repetidas veces c\u00f3mo salen a relucir&#8221;\u009d lxs anarquistas&#8221;\u009d; no se hablar\u00e1 de sus ideas y sue\u00f1os, ni de sus principios. Tan s\u00f3lo la pluma del periodista al dictado del Estado (ministro del interior, polic\u00ed\u00ada, jueces y fiscales&#8230;) y bajo los intereses de una clase privilegiada se dedicar\u00e1n a calumniar, mentir, tergiversar, condenar y encerrar unas ideas que puestas en acci\u00f3n llevan siendo durante siglos la peor de las pesadillas de reyes y burgueses, patronos y nobles, terratenientes y pol\u00ed\u00adticos, es decir de todo aquel que acumula poder y ejerce autoridad sobre el resto.<\/p>\n<p>Se hace evidente que hay un inter\u00e9s enorme en que estas ideas anarquistas no sean conocidas por el pueblo, y de tener que conocer algo sobre las mismas, naturalmente deber\u00e1 ser negativo y en el mejor de los casos irrealizable o ut\u00f3pico.<\/p>\n<p>La intenci\u00f3n de este bolet\u00ed\u00adn es doble, por un lado acercar el pensamiento anarquista a quien lo desconoce, sirviendo estas p\u00e1ginas para que surjan el inter\u00e9s y la curiosidad. Pero tambi\u00e9n es una apuesta firme por el encuentro de los y las anarquistas burgaleses en torno a unas ideas que despu\u00e9s de siglos de luchas y derrotas siguen completamente vigentes, porque los tiempos cambian pero la explotaci\u00f3n contin\u00faa&#8230;<br \/>\n<strong>Salud y anarqu\u00ed\u00ada. Mayo 2014<\/strong><\/p>\n","protected":false},"excerpt":{"rendered":"<p>Con la cabecera &#8220;\u00bfPor qu\u00e9 (A)?&#8221;\u009d, se puede encontrar por las calles y locales de nuestra ciudad, en formato &#8220;peri\u00f3dico&#8221;\u009d, la publicaci\u00f3n anarquista que sus autorxs presentan con la doble intenci\u00f3n de acercar el pensamiento anarquista a quien lo desconoce y apostar firmemente por convertirse en un espacio de encuentro de todos los y las&#8230;  <a href=\"https:\/\/diariodevurgos.com\/dvwps\/%c2%bfpor-que-%e2%92%b6.php\" class=\"more-link\" title=\"Read \u00bfPor qu\u00e9 (A)?\">Read more &raquo;<\/a><\/p>\n","protected":false},"author":2,"featured_media":0,"comment_status":"open","ping_status":"closed","sticky":false,"template":"","format":"standard","meta":[],"categories":[2,8],"tags":[],"_links":{"self":[{"href":"https:\/\/diariodevurgos.com\/dvwps\/wp-json\/wp\/v2\/posts\/12867"}],"collection":[{"href":"https:\/\/diariodevurgos.com\/dvwps\/wp-json\/wp\/v2\/posts"}],"about":[{"href":"https:\/\/diariodevurgos.com\/dvwps\/wp-json\/wp\/v2\/types\/post"}],"author":[{"embeddable":true,"href":"https:\/\/diariodevurgos.com\/dvwps\/wp-json\/wp\/v2\/users\/2"}],"replies":[{"embeddable":true,"href":"https:\/\/diariodevurgos.com\/dvwps\/wp-json\/wp\/v2\/comments?post=12867"}],"version-history":[{"count":5,"href":"https:\/\/diariodevurgos.com\/dvwps\/wp-json\/wp\/v2\/posts\/12867\/revisions"}],"predecessor-version":[{"id":12872,"href":"https:\/\/diariodevurgos.com\/dvwps\/wp-json\/wp\/v2\/posts\/12867\/revisions\/12872"}],"wp:attachment":[{"href":"https:\/\/diariodevurgos.com\/dvwps\/wp-json\/wp\/v2\/media?parent=12867"}],"wp:term":[{"taxonomy":"category","embeddable":true,"href":"https:\/\/diariodevurgos.com\/dvwps\/wp-json\/wp\/v2\/categories?post=12867"},{"taxonomy":"post_tag","embeddable":true,"href":"https:\/\/diariodevurgos.com\/dvwps\/wp-json\/wp\/v2\/tags?post=12867"}],"curies":[{"name":"wp","href":"https:\/\/api.w.org\/{rel}","templated":true}]}}