{"id":12887,"date":"2014-05-28T10:34:55","date_gmt":"2014-05-28T09:34:55","guid":{"rendered":"http:\/\/diariodevurgos.com\/dvwps\/?p=12887"},"modified":"2014-05-28T14:21:10","modified_gmt":"2014-05-28T13:21:10","slug":"presentacion-del-librogrupos-autonomosuna-cronica-armada-de-la-transicion-democratica","status":"publish","type":"post","link":"https:\/\/diariodevurgos.com\/dvwps\/presentacion-del-librogrupos-autonomosuna-cronica-armada-de-la-transicion-democratica.php","title":{"rendered":"Presentaci\u00f3n del libro &#8220;Grupos Aut\u00f3nomos. Una cr\u00f3nica armada de la transacci\u00f3n democr\u00e1tica&#8221; en la Biblioteca Anarquista La Maldita"},"content":{"rendered":"<p class=\"lead\"><strong>Este viernes 30 de mayo a las 20.00 <a href=\"http:\/\/diariodevurgos.com\/dvwps\/wp-content\/uploads\/2014\/05\/charla-grupos-autonomos.jpg\"><img loading=\"lazy\" class=\"alignleft size-medium wp-image-12886\" title=\"charla grupos autonomos\" src=\"http:\/\/diariodevurgos.com\/dvwps\/wp-content\/uploads\/2014\/05\/charla-grupos-autonomos-212x300.jpg\" alt=\"charla grupos autonomos\" width=\"212\" height=\"300\" srcset=\"https:\/\/diariodevurgos.com\/dvwps\/wp-content\/uploads\/2014\/05\/charla-grupos-autonomos-212x300.jpg 212w, https:\/\/diariodevurgos.com\/dvwps\/wp-content\/uploads\/2014\/05\/charla-grupos-autonomos-724x1024.jpg 724w\" sizes=\"(max-width: 212px) 100vw, 212px\" \/><\/a>horas en la Biblioteca Anarquista &#8220;La Maldita&#8221; (C\/Las escuelas 8 ) se presentar\u00e1 el libro:&#8221;Grupos aut\u00f3nomos.Una cr\u00f3nica armada de la transici\u00f3n democr\u00e1tica&#8221; (la presentaci\u00f3n del libro se retrasa hasta la finalizaci\u00f3n de la manifestaci\u00f3n que recorrera el barrio de Gamonal).<\/strong><\/p>\n<p><strong><br \/>\n<\/strong><\/p>\n<p><em><span style=\"text-decoration: underline;\"><span style=\"color: #000000;\">Una cr\u00f3nica armada de la Transacci\u00f3n democr\u00e1tica<\/span><\/span><br \/>\nEn septiembre de 1973 era desarticulado el MIL pero aquella razia no acab\u00f3 con el movimiento aut\u00f3nomo armado sino que lo reforz\u00f3. Las acciones para intentar evitar la ejecuci\u00f3n de Puig Antich, primero, y las que se llevaron a cabo para expresar la rabia un vez realizada \u00e9sta, se extendieron como un a mancha de aceite.<\/em><\/p>\n<p>A trav\u00e9s de <strong>Radio Onda Expansiva<\/strong> puede tenerse acceso al podcast donde la radio libre burgalesa <a title=\"Entrevista a Joni D.\" href=\"http:\/\/ondaexpansiva.net\/?p=1521\">entrevista a Joni D<\/a>., autor del libro &#8220;Grupos aut\u00f3nomos. Una cr\u00f3nica armada de la transacci\u00f3n democr\u00e1tica&#8221;<em><br \/>\n<\/em><\/p>\n<p><em><!--more--><br \/>\nUn a\u00f1o despu\u00e9s de la desarticulaci\u00f3n de la OLLA y los GARI mor\u00ed\u00ada el dictador, en poco tiempo se pas\u00f3 de luchar contra una dictadura fascista a hacerlo contra una democracia capitalista y mon\u00e1rquica.<br \/>\nFueron los tiempos en que el rey jur\u00f3 los Principios del Movimiento Nacional y la Constituci\u00f3n, el PSOE abandon\u00f3 el marxismo, el PCE dej\u00f3 atr\u00e1s el republicanismo y el capital fundament\u00f3 las bases del sistema social que ha terminado aplastando social y econ\u00f3micamente a la ciudadan\u00ed\u00ada del estado espa\u00f1ol.<br \/>\nFue una lucha que dur\u00f3 poco m\u00e1s de diez a\u00f1os hasta que en 1984 se desmantelaron los \u00faltimos grupos activos.<br \/>\nEste libro nos acerca a los j\u00f3venes que formaron pa rte de aquellos grupos aut\u00f3nomos que se rebelaron ante la gran mentira llamada &#8220;transici\u00f3n democr\u00e1tica&#8221; y<br \/>\ntambi\u00e9n al contexto en el que vivieron: la contracultura, la autonom\u00ed\u00ada obrera, la clandestinidad y, por supuesto, la represi\u00f3n. La muerte del Jebo, al estallar el artefacto que manipulaba en Toulouse o el asesinato de Agust\u00ed\u00adn Rueda en la c\u00e1rcel de Carabanchel forman parte de nuestra historia silenciada.<\/em><\/p>\n<p><em>Autor: Joni D.<br \/>\nPr\u00f3logo: Mateo Segu\u00ed\u00ad<br \/>\nPortada: Undergroove aka Dabunker<br \/>\nEdita: El Lokal<br \/>\n394 p\u00e1ginas.<\/em><\/p>\n","protected":false},"excerpt":{"rendered":"<p>Este viernes 30 de mayo a las 20.00 horas en la Biblioteca Anarquista &#8220;La Maldita&#8221; (C\/Las escuelas 8 ) se presentar\u00e1 el libro:&#8221;Grupos aut\u00f3nomos.Una cr\u00f3nica armada de la transici\u00f3n democr\u00e1tica&#8221; (la presentaci\u00f3n del libro se retrasa hasta la finalizaci\u00f3n de la manifestaci\u00f3n que recorrera el barrio de Gamonal). Una cr\u00f3nica armada de la Transacci\u00f3n democr\u00e1tica&#8230;  <a href=\"https:\/\/diariodevurgos.com\/dvwps\/presentacion-del-librogrupos-autonomosuna-cronica-armada-de-la-transicion-democratica.php\" class=\"more-link\" title=\"Read Presentaci\u00f3n del libro &#8220;Grupos Aut\u00f3nomos. Una cr\u00f3nica armada de la transacci\u00f3n democr\u00e1tica&#8221; en la Biblioteca Anarquista La Maldita\">Read more &raquo;<\/a><\/p>\n","protected":false},"author":8,"featured_media":0,"comment_status":"open","ping_status":"closed","sticky":false,"template":"","format":"standard","meta":[],"categories":[2,57,47,8],"tags":[],"_links":{"self":[{"href":"https:\/\/diariodevurgos.com\/dvwps\/wp-json\/wp\/v2\/posts\/12887"}],"collection":[{"href":"https:\/\/diariodevurgos.com\/dvwps\/wp-json\/wp\/v2\/posts"}],"about":[{"href":"https:\/\/diariodevurgos.com\/dvwps\/wp-json\/wp\/v2\/types\/post"}],"author":[{"embeddable":true,"href":"https:\/\/diariodevurgos.com\/dvwps\/wp-json\/wp\/v2\/users\/8"}],"replies":[{"embeddable":true,"href":"https:\/\/diariodevurgos.com\/dvwps\/wp-json\/wp\/v2\/comments?post=12887"}],"version-history":[{"count":9,"href":"https:\/\/diariodevurgos.com\/dvwps\/wp-json\/wp\/v2\/posts\/12887\/revisions"}],"predecessor-version":[{"id":12893,"href":"https:\/\/diariodevurgos.com\/dvwps\/wp-json\/wp\/v2\/posts\/12887\/revisions\/12893"}],"wp:attachment":[{"href":"https:\/\/diariodevurgos.com\/dvwps\/wp-json\/wp\/v2\/media?parent=12887"}],"wp:term":[{"taxonomy":"category","embeddable":true,"href":"https:\/\/diariodevurgos.com\/dvwps\/wp-json\/wp\/v2\/categories?post=12887"},{"taxonomy":"post_tag","embeddable":true,"href":"https:\/\/diariodevurgos.com\/dvwps\/wp-json\/wp\/v2\/tags?post=12887"}],"curies":[{"name":"wp","href":"https:\/\/api.w.org\/{rel}","templated":true}]}}