{"id":13011,"date":"2014-06-25T17:24:10","date_gmt":"2014-06-25T16:24:10","guid":{"rendered":"http:\/\/diariodevurgos.com\/dvwps\/?p=13011"},"modified":"2014-06-26T00:17:57","modified_gmt":"2014-06-25T23:17:57","slug":"concentracion-contra-la-fractura-hidraulica-en-el-pregon-de-apertura-de-las-fiestas-patronales-de-burgos","status":"publish","type":"post","link":"https:\/\/diariodevurgos.com\/dvwps\/concentracion-contra-la-fractura-hidraulica-en-el-pregon-de-apertura-de-las-fiestas-patronales-de-burgos.php","title":{"rendered":"Concentraci\u00f3n contra la Fractura Hidr\u00e1ulica en el preg\u00f3n de apertura de las fiestas patronales de Burgos"},"content":{"rendered":"<p class=\"lead\">Con motivo de las Fiestas de San Pedro y San Pablo 2014, la Asamblea Contra la Fractura Hidra\u00falica de Burgos convoca una concentraci\u00f3n antifracking durante el Preg\u00f3n del d\u00ed\u00ada <strong>27 de Junio a las 21:00<\/strong> horas en la Plaza Mayor.\u00a0 <strong>FRACKING NO,NI AQU\u00ed\u008d, NI EN NING\u00ed\u0161N SITIO. <\/strong><\/p>\n<p style=\"text-align: center;\"><strong><img loading=\"lazy\" class=\"aligncenter size-full wp-image-13016\" title=\"cartel antifracking\" src=\"http:\/\/diariodevurgos.com\/dvwps\/wp-content\/uploads\/2014\/06\/cartel-antifracking.jpg\" alt=\"cartel antifracking\" width=\"390\" height=\"547\" \/><\/strong><\/p>\n<p style=\"text-align: left;\">En el interior de la entrada publicamos el texto<strong> EL FRACKING NO ES EL FUTURO, SINO EL RETROCESO<\/strong>,\u00a0 realizado por la Asamblea contra la Fractura Hidr\u00e1ulica de Burgos donde se plantean argumentos sobre los supuestos beneficios del fracking.<!--more--><\/p>\n<p style=\"text-align: left;\"><strong>EL FRACKING NO ES EL FUTURO, SINO EL RETROCESO<\/strong><\/p>\n<p>El fracking NO est\u00e1 arreglando la situaci\u00f3n en las sociedades donde ya lo han impuesto, al contrario, cada vez son m\u00e1s visibles las violaciones provocadas a la tierra y otros atentados causados en la sociedad donde se fractura.<\/p>\n<p>Sabemos que la ra\u00ed\u00adz del problema es el capitalismo, con su derroche de recursos energ\u00e9ticos que no para en ning\u00fan momento, ni para plantear cu\u00e1les son ahora o ser\u00e1n en un futuro sus consecuencias.<\/p>\n<p>Es imposible de entender c\u00f3mo se explicar\u00e1 a las futuras generaciones que el fracking &#8220;fue&#8221;\u009d bueno para la econom\u00ed\u00ada, sin sentir profunda tristeza, odio y rechazo por c\u00f3mo se destruy\u00f3 la tierra donde pisaba. Despu\u00e9s la tierra NO volver\u00e1 a ser igual, NI se podr\u00e1 cultivar, usar el agua o respirar el aire por la contaminaci\u00f3n causada.<\/p>\n<p>Ya es hora de plantearnos que\u00a0 nosotros podemos evitar que esto suceda. Las empresas contaminantes est\u00e1n en entredicho y sus pol\u00ed\u00adticos compinchados m\u00e1s a\u00fan. La presi\u00f3n popular les har\u00e1 desequilibrar y caer porque solo son torres de fango.<\/p>\n<p>El fracking es una burbuja especulativa que se llevara por delante toda nuestra historia, cultura, fauna y leyendas, as\u00ed\u00ad c\u00f3mo la tranquilidad y fuentes de riqueza de la tierra; que no son el gas, sino el saber que est\u00e1n libres de contaminantes para las siguientes generaciones. No permitamos que pase.<\/p>\n<p>Cuanta m\u00e1s gente en p\u00fablico exprese que no va a permitir el fracking, m\u00e1s cerca estar\u00e1 la victoria. El siguiente paso es participar en las asambleas antifracking\u00a0 para poder seguir luchando hacia una vida libre de nocividad\u00a0 contra estos piratas sin escr\u00fapulos.<\/p>\n<p>PORQUE SI NO ERES TU, \u00bfQUIEN? SINO ES AHORA \u00bfCUANDO?<br \/>\n<strong><br \/>\nAsamblea Contra la Fractura Hidr\u00e1ulica de Burgos<\/strong><\/p>\n<p style=\"text-align: center;\"><strong><br \/>\n<\/strong><\/p>\n","protected":false},"excerpt":{"rendered":"<p>Con motivo de las Fiestas de San Pedro y San Pablo 2014, la Asamblea Contra la Fractura Hidra\u00falica de Burgos convoca una concentraci\u00f3n antifracking durante el Preg\u00f3n del d\u00ed\u00ada 27 de Junio a las 21:00 horas en la Plaza Mayor.\u00a0 FRACKING NO,NI AQU\u00ed\u008d, NI EN NING\u00ed\u0161N SITIO. En el interior de la entrada publicamos el&#8230;  <a href=\"https:\/\/diariodevurgos.com\/dvwps\/concentracion-contra-la-fractura-hidraulica-en-el-pregon-de-apertura-de-las-fiestas-patronales-de-burgos.php\" class=\"more-link\" title=\"Read Concentraci\u00f3n contra la Fractura Hidr\u00e1ulica en el preg\u00f3n de apertura de las fiestas patronales de Burgos\">Read more &raquo;<\/a><\/p>\n","protected":false},"author":2,"featured_media":0,"comment_status":"open","ping_status":"closed","sticky":false,"template":"","format":"standard","meta":[],"categories":[2,57,54],"tags":[],"_links":{"self":[{"href":"https:\/\/diariodevurgos.com\/dvwps\/wp-json\/wp\/v2\/posts\/13011"}],"collection":[{"href":"https:\/\/diariodevurgos.com\/dvwps\/wp-json\/wp\/v2\/posts"}],"about":[{"href":"https:\/\/diariodevurgos.com\/dvwps\/wp-json\/wp\/v2\/types\/post"}],"author":[{"embeddable":true,"href":"https:\/\/diariodevurgos.com\/dvwps\/wp-json\/wp\/v2\/users\/2"}],"replies":[{"embeddable":true,"href":"https:\/\/diariodevurgos.com\/dvwps\/wp-json\/wp\/v2\/comments?post=13011"}],"version-history":[{"count":5,"href":"https:\/\/diariodevurgos.com\/dvwps\/wp-json\/wp\/v2\/posts\/13011\/revisions"}],"predecessor-version":[{"id":13017,"href":"https:\/\/diariodevurgos.com\/dvwps\/wp-json\/wp\/v2\/posts\/13011\/revisions\/13017"}],"wp:attachment":[{"href":"https:\/\/diariodevurgos.com\/dvwps\/wp-json\/wp\/v2\/media?parent=13011"}],"wp:term":[{"taxonomy":"category","embeddable":true,"href":"https:\/\/diariodevurgos.com\/dvwps\/wp-json\/wp\/v2\/categories?post=13011"},{"taxonomy":"post_tag","embeddable":true,"href":"https:\/\/diariodevurgos.com\/dvwps\/wp-json\/wp\/v2\/tags?post=13011"}],"curies":[{"name":"wp","href":"https:\/\/api.w.org\/{rel}","templated":true}]}}