{"id":13060,"date":"2014-07-04T17:17:49","date_gmt":"2014-07-04T16:17:49","guid":{"rendered":"http:\/\/diariodevurgos.com\/dvwps\/?p=13060"},"modified":"2014-07-04T17:24:17","modified_gmt":"2014-07-04T16:24:17","slug":"entrevista-en-radio-onda-expansiva-sobre-la-exposicion-monte-de-estepar","status":"publish","type":"post","link":"https:\/\/diariodevurgos.com\/dvwps\/entrevista-en-radio-onda-expansiva-sobre-la-exposicion-monte-de-estepar.php","title":{"rendered":"Entrevista en Radio Onda Expansiva sobre la exposici\u00f3n Monte de Estepar"},"content":{"rendered":"<p class=\"lead\">A mediados de julio de 2014 dar\u00e1 comienzo la campa\u00f1a de intervenci\u00f3n arqueol\u00f3gica que pretende exhumar las fosas comunes que se hayan en las inmediaciones del Monte de Estepar, situado a\u00a0 apenas 21 kil\u00f3metros al oeste de la capital burgalesa.\u00a0 <strong>Espacio Tangente <\/strong>ha organizado <a title=\"Monte de Estepar\" href=\"http:\/\/www.montedeestepar.org\/\">una exposici\u00f3n que cuenta con la participaci\u00f3n de 41 artistas <\/a>y cuyo objetivo es recaudar fondos para sufragar los trabajos de recuperaci\u00f3n de los restos de las victimas de la represi\u00f3n franquista que se hayan sepultados en Estepar.<\/p>\n<p style=\"text-align: center;\"><img loading=\"lazy\" class=\"aligncenter size-full wp-image-13064\" title=\"IMGP1677web\" src=\"http:\/\/diariodevurgos.com\/dvwps\/wp-content\/uploads\/2014\/07\/IMGP1677web.jpg\" alt=\"IMGP1677web\" width=\"337\" height=\"252\" srcset=\"https:\/\/diariodevurgos.com\/dvwps\/wp-content\/uploads\/2014\/07\/IMGP1677web.jpg 1824w, https:\/\/diariodevurgos.com\/dvwps\/wp-content\/uploads\/2014\/07\/IMGP1677web-300x225.jpg 300w, https:\/\/diariodevurgos.com\/dvwps\/wp-content\/uploads\/2014\/07\/IMGP1677web-1024x768.jpg 1024w\" sizes=\"(max-width: 337px) 100vw, 337px\" \/><\/p>\n<p style=\"text-align: center;\">\n<p>Desde <a title=\"Entrevista sobre la exposici\u00f3n Monte de Estepar\" href=\"http:\/\/ondaexpansiva.net\/?p=1778\">Radio Onda Expansiva <\/a>han realizado una entrevista con uno de los organizadores de la exposici\u00f3n donde se explica en qu\u00e9 consiste esta iniciativa de micromecenazgo y cu\u00e1l es la importancia de la fosa com\u00fan del Monte de Estepar.<\/p>\n","protected":false},"excerpt":{"rendered":"<p>A mediados de julio de 2014 dar\u00e1 comienzo la campa\u00f1a de intervenci\u00f3n arqueol\u00f3gica que pretende exhumar las fosas comunes que se hayan en las inmediaciones del Monte de Estepar, situado a\u00a0 apenas 21 kil\u00f3metros al oeste de la capital burgalesa.\u00a0 Espacio Tangente ha organizado una exposici\u00f3n que cuenta con la participaci\u00f3n de 41 artistas y&#8230;  <a href=\"https:\/\/diariodevurgos.com\/dvwps\/entrevista-en-radio-onda-expansiva-sobre-la-exposicion-monte-de-estepar.php\" class=\"more-link\" title=\"Read Entrevista en Radio Onda Expansiva sobre la exposici\u00f3n Monte de Estepar\">Read more &raquo;<\/a><\/p>\n","protected":false},"author":2,"featured_media":0,"comment_status":"open","ping_status":"closed","sticky":false,"template":"","format":"standard","meta":[],"categories":[2,6,71,23],"tags":[],"_links":{"self":[{"href":"https:\/\/diariodevurgos.com\/dvwps\/wp-json\/wp\/v2\/posts\/13060"}],"collection":[{"href":"https:\/\/diariodevurgos.com\/dvwps\/wp-json\/wp\/v2\/posts"}],"about":[{"href":"https:\/\/diariodevurgos.com\/dvwps\/wp-json\/wp\/v2\/types\/post"}],"author":[{"embeddable":true,"href":"https:\/\/diariodevurgos.com\/dvwps\/wp-json\/wp\/v2\/users\/2"}],"replies":[{"embeddable":true,"href":"https:\/\/diariodevurgos.com\/dvwps\/wp-json\/wp\/v2\/comments?post=13060"}],"version-history":[{"count":3,"href":"https:\/\/diariodevurgos.com\/dvwps\/wp-json\/wp\/v2\/posts\/13060\/revisions"}],"predecessor-version":[{"id":13063,"href":"https:\/\/diariodevurgos.com\/dvwps\/wp-json\/wp\/v2\/posts\/13060\/revisions\/13063"}],"wp:attachment":[{"href":"https:\/\/diariodevurgos.com\/dvwps\/wp-json\/wp\/v2\/media?parent=13060"}],"wp:term":[{"taxonomy":"category","embeddable":true,"href":"https:\/\/diariodevurgos.com\/dvwps\/wp-json\/wp\/v2\/categories?post=13060"},{"taxonomy":"post_tag","embeddable":true,"href":"https:\/\/diariodevurgos.com\/dvwps\/wp-json\/wp\/v2\/tags?post=13060"}],"curies":[{"name":"wp","href":"https:\/\/api.w.org\/{rel}","templated":true}]}}