{"id":13090,"date":"2014-07-10T16:43:29","date_gmt":"2014-07-10T15:43:29","guid":{"rendered":"http:\/\/diariodevurgos.com\/dvwps\/?p=13090"},"modified":"2014-07-11T10:31:33","modified_gmt":"2014-07-11T09:31:33","slug":"el-alcalde-de-burgos-es-llamado-a-declarar-concentracion-contra-la-corrupcion-politica-frente-a-los-juzgados-de-burgos","status":"publish","type":"post","link":"https:\/\/diariodevurgos.com\/dvwps\/el-alcalde-de-burgos-es-llamado-a-declarar-concentracion-contra-la-corrupcion-politica-frente-a-los-juzgados-de-burgos.php","title":{"rendered":"El alcalde de Burgos  es llamado a declarar por falsedad documental. Concentraci\u00f3n contra la corrupci\u00f3n pol\u00ed\u00adtica frente a los juzgados de Burgos"},"content":{"rendered":"<p class=\"lead\">El viernes 11 de julio\u00a0 <a title=\"La juez cita a declarar al alcalde de Burgos\" href=\"http:\/\/www.eldiario.es\/politica\/declarar-alcalde-Burgos-manipulacion-declaracion_0_279272896.html\">Javier Lacalle est\u00e1 llamado a declarar en el Juzgado de Instrucci\u00f3n n\u00famero 3 de la avenida Reyes Cat\u00f3licos<\/a> bajo la acusaci\u00f3n de <strong>falsificaci\u00f3n en documento p\u00fablico.<\/strong> La imputaci\u00f3n del alcalde de Burgos en este proceso penal se debe a una serie de irregularidades respecto a la declaraci\u00f3n de bienes de su vivienda que no fueron declarados previamente y que salieron a la luz durante el conflicto contra el bulevar de la calle Vitoria.<\/p>\n<p style=\"text-align: center;\"><img loading=\"lazy\" class=\"aligncenter size-full wp-image-13091\" title=\"Imputado Javier Lacalle\" src=\"http:\/\/diariodevurgos.com\/dvwps\/wp-content\/uploads\/2014\/07\/Imputado-Javier-Lacalle.jpg\" alt=\"Imputado Javier Lacalle\" width=\"447\" height=\"251\" srcset=\"https:\/\/diariodevurgos.com\/dvwps\/wp-content\/uploads\/2014\/07\/Imputado-Javier-Lacalle.jpg 599w, https:\/\/diariodevurgos.com\/dvwps\/wp-content\/uploads\/2014\/07\/Imputado-Javier-Lacalle-300x168.jpg 300w\" sizes=\"(max-width: 447px) 100vw, 447px\" \/><\/p>\n<p>La <strong>Asamblea de Gamonal <\/strong>llama a una <strong>concentraci\u00f3n de protesta contra la corrupci\u00f3n<\/strong> <strong>pol\u00ed\u00adtica <\/strong>para ma\u00f1ana <strong>viernes 11 de julio <\/strong>a las<strong> 09.00 horas<\/strong> frente a los <strong>juzgados de la avenida Reyes Cat\u00f3licos<\/strong>.<\/p>\n","protected":false},"excerpt":{"rendered":"<p>El viernes 11 de julio\u00a0 Javier Lacalle est\u00e1 llamado a declarar en el Juzgado de Instrucci\u00f3n n\u00famero 3 de la avenida Reyes Cat\u00f3licos bajo la acusaci\u00f3n de falsificaci\u00f3n en documento p\u00fablico. La imputaci\u00f3n del alcalde de Burgos en este proceso penal se debe a una serie de irregularidades respecto a la declaraci\u00f3n de bienes de&#8230;  <a href=\"https:\/\/diariodevurgos.com\/dvwps\/el-alcalde-de-burgos-es-llamado-a-declarar-concentracion-contra-la-corrupcion-politica-frente-a-los-juzgados-de-burgos.php\" class=\"more-link\" title=\"Read El alcalde de Burgos  es llamado a declarar por falsedad documental. Concentraci\u00f3n contra la corrupci\u00f3n pol\u00ed\u00adtica frente a los juzgados de Burgos\">Read more &raquo;<\/a><\/p>\n","protected":false},"author":2,"featured_media":0,"comment_status":"open","ping_status":"closed","sticky":false,"template":"","format":"standard","meta":[],"categories":[75,2,57,12,27,49],"tags":[],"_links":{"self":[{"href":"https:\/\/diariodevurgos.com\/dvwps\/wp-json\/wp\/v2\/posts\/13090"}],"collection":[{"href":"https:\/\/diariodevurgos.com\/dvwps\/wp-json\/wp\/v2\/posts"}],"about":[{"href":"https:\/\/diariodevurgos.com\/dvwps\/wp-json\/wp\/v2\/types\/post"}],"author":[{"embeddable":true,"href":"https:\/\/diariodevurgos.com\/dvwps\/wp-json\/wp\/v2\/users\/2"}],"replies":[{"embeddable":true,"href":"https:\/\/diariodevurgos.com\/dvwps\/wp-json\/wp\/v2\/comments?post=13090"}],"version-history":[{"count":5,"href":"https:\/\/diariodevurgos.com\/dvwps\/wp-json\/wp\/v2\/posts\/13090\/revisions"}],"predecessor-version":[{"id":13093,"href":"https:\/\/diariodevurgos.com\/dvwps\/wp-json\/wp\/v2\/posts\/13090\/revisions\/13093"}],"wp:attachment":[{"href":"https:\/\/diariodevurgos.com\/dvwps\/wp-json\/wp\/v2\/media?parent=13090"}],"wp:term":[{"taxonomy":"category","embeddable":true,"href":"https:\/\/diariodevurgos.com\/dvwps\/wp-json\/wp\/v2\/categories?post=13090"},{"taxonomy":"post_tag","embeddable":true,"href":"https:\/\/diariodevurgos.com\/dvwps\/wp-json\/wp\/v2\/tags?post=13090"}],"curies":[{"name":"wp","href":"https:\/\/api.w.org\/{rel}","templated":true}]}}