{"id":13144,"date":"2014-07-23T10:05:46","date_gmt":"2014-07-23T09:05:46","guid":{"rendered":"http:\/\/diariodevurgos.com\/dvwps\/?p=13144"},"modified":"2014-07-23T10:09:46","modified_gmt":"2014-07-23T09:09:46","slug":"herido-y-detenido-en-atenas-el-anarquista-nikos-maziotis","status":"publish","type":"post","link":"https:\/\/diariodevurgos.com\/dvwps\/herido-y-detenido-en-atenas-el-anarquista-nikos-maziotis.php","title":{"rendered":"Herido y detenido en Atenas el anarquista Nikos Maziotis"},"content":{"rendered":"<p class=\"lead\">El pasado mi\u00e9rcoles 16 de julio de 2014 fue detenido en el centro de Atenas <strong>el anarquista Nikos Maziotis<\/strong> <strong>tras un intenso tiroteo con fuerzas policiales<\/strong>. El anarquista griego se encontraba en situaci\u00f3n de clandestinidad tras haberse fugado de la c\u00e1rcel en 2012 aprovechando un permiso antes del inicio de las vistas orales en el proceso contra\u00a0 <a title=\"Breve Historia de Lucha Revolucionaria\" href=\"http:\/\/diariodevurgos.com\/dvwps\/epanastatikos-agonas-breve-historia-de-%E2%80%9Clucha-revolucionaria%E2%80%9D.php\">Lucha Revolucionaria<\/a>, sumario judicial\u00a0 en el que Nikos asumi\u00f3 la responsabilidad pol\u00ed\u00adtica de su pertenencia a la organizaci\u00f3n armada . Maziotis, cuya <a title=\"Autodefensa del anarquista Nikos Maziotis ante el juzgado de instrucci\u00f3n\" href=\"http:\/\/www.mediafire.com\/view\/?57wjsay9acy2o6v\">trayectoria militante se remonta a finales de los a\u00f1os 90<\/a>, fue herido por disparos de la polic\u00ed\u00ada y actualmente se encuentra en el hospital de Evagenlismos de la capital helena donde ya han llegado muestras de solidaridad con el guerrillero libertario.<\/p>\n<p style=\"text-align: center;\"><img loading=\"lazy\" class=\"aligncenter size-full wp-image-13145\" title=\"Pancarta solidaria con Nikos Maziotis\" src=\"http:\/\/diariodevurgos.com\/dvwps\/wp-content\/uploads\/2014\/07\/Pancarta-solidaria-con-Nikos-Maziotis.jpg\" alt=\"Pancarta solidaria con Nikos Maziotis\" width=\"284\" height=\"212\" \/><\/p>\n<p><!--more--><\/p>\n<p>Desde el 2003, la guerrilla urbana &#8220;Lucha Revolucionaria&#8221;\u009d a realizado distintos ataques explosivos y armados contra el Estado y el Capital en Grecia, desde una tendencia anarco-comunista y una visi\u00f3n de revoluci\u00f3n social en su proyecci\u00f3n pol\u00ed\u00adtica. En Marzo del 2010 tras un enfrentamiento armado con la polic\u00ed\u00ada luego de intentar expropiar un auto cae abatido el\u00a0compa\u00f1ero Lambros Foundas, se expande el cerco represivo contra los compa\u00f1eros y finalmente en Abril del 2010 la polic\u00ed\u00ada realiza m\u00faltiples allanamientos consiguiendo procesar a varios compa\u00f1eros quedando 5 en prisi\u00f3n, de los cuales Nikos, Pola y Kostas<a href=\"http:\/\/es.contrainfo.espiv.net\/2010\/11\/28\/carta-politica-hacia-la-sociedad\/\"> asumen responsabilidad pol\u00ed\u00adtica de pertenecer a Lucha Revolucionaria<\/a>.<\/p>\n<p>Tras permanecer en prisi\u00f3n mas de 18 meses (m\u00e1ximo legal de prisi\u00f3n preventiva en grecia), los compa\u00f1eros consiguen salir a la calle en Octubre del 2011 bajo estrictas medidas, comenzando a desarrollarse as\u00ed\u00ad el juicio en su contra.<\/p>\n<p>Tras un extenso proceso, donde los compa\u00f1eros decidieron realizar una defensa pol\u00ed\u00adtica de Lucha Revolucionaria en los tribunales, en Julio del 2012 Pola, Nikos y su peque\u00f1o hijo Victor deciden asumir la clandestinidad.<\/p>\n<p>Durante los momentos finales del juicio, el compa\u00f1ero\u00a0<a href=\"http:\/\/es.contrainfo.espiv.net\/2012\/05\/29\/atenas-grecia-declaracion-escrita-de-kostas-gournas-miembro-de-la-lucha-revolucionaria-24-de-octubre-de-2011\/\">Kostas Gournas<\/a> realizo una declaracion en los tribunales, mientras que\u00a0<a href=\"http:\/\/flying.squat.gr\/files\/2014\/01\/declaraci%C3%B3n-Roupa.pdf\">Pola<\/a> y\u00a0<a href=\"http:\/\/flying.squat.gr\/files\/2013\/04\/declaraci%C3%B3n.pol%C3%ADtica.Maziotis.pdf\">Nikos<\/a> enviaron desde la clandestinidad y por escrito su declaracion.<\/p>\n<p>Finalmente en Abril del 2013, el tribunal dicto condenas contra los compa\u00f1eros: Nikos: 50 a\u00f1os, Pola y Kostas: 50 a\u00f1os + 6 meses (Es importante considerar que bajo la legislacion griega, el maximo de tiempo que una persona puede estar en prision es de 25 a\u00f1os)<br \/>\nLos otros acusados: Vaggelis Stathopoulos y Christoforos Kortesis, 7 y 6 a\u00f1os respectivamente, que tras una apelacion consiguen salir a la calle bajo fianza, mientras que Marie Beraha, Sarantos Nikitopoulos y Kostas Katsenos son abuseltos.<\/p>\n<p>La campa\u00f1a policial del Estado griego, llego a ofrecer 1 millon de euros para que la poblaci\u00f3n diera informaci\u00f3n sobre el paradero de los pr\u00f3fugos.<\/p>\n<p>En Abril del 2014,\u00a0<a href=\"http:\/\/es.contrainfo.espiv.net\/2014\/05\/11\/atenas-una-explosion-en-respuesta-al-regreso-de-grecia-a-los-mercados\/\">75 kilos de explosivo adentro de un auto\u00a0estallan destrozando la fachada del Banco de Grecia <\/a>como respuesta al regreso del Estado Griego a los mercados y en abierta muestra del nivel operativo y vigencia de Lucha Revolucionaria como grupo de guerrilla urbana.<\/p>\n<p>Es el 16 de Julio que Nikos Maziotis caminaba con un compa\u00f1ero por el barrio Monastiraki, pleno centro tur\u00ed\u00adstico de Atenas. Seg\u00fan las versiones de la polic\u00ed\u00ada y la prensa, la polic\u00ed\u00ada antiterrorista habr\u00ed\u00ada recibido la informaci\u00f3n de que los profugos se encontrar\u00ed\u00adan en Atenas y comenz\u00f3 a realizar un amplio despliegue durante estas semanas con varios agentes de civil en distintos metros de la ciudad y lugares donde podr\u00ed\u00ada acudir Nikos y Pola.<\/p>\n<p>De esta forma, las fuerzas de seguridad lo habr\u00ed\u00adan identificado en la plaza de Omonia donde comenzaron a seguirlo hasta una tienda deportiva, tras lo cual la polic\u00ed\u00ada intenta cercarle el paso produci\u00e9ndose el enfrentamiento armado.<\/p>\n<p>En el tiroteo un turista australiano y otra almena resultaron heridos levemente, sin que requirieran mayor atenci\u00f3n m\u00e9dica. Nikos intenta romper el cerco represivo de las polic\u00ed\u00adas que lo siguen a pie, consiguiendo herir en la pierna a los cazadores de uniforme para tomar un taxi y emprender la fuga<\/p>\n<p>Es justo en ese momento cuando el compa\u00f1ero es alcanzado por un tiro en el hombro, cayendo herido y siendo inmediatamente reducido y desarmado por la polic\u00ed\u00ada. Nikos defendi\u00f3 su vida con 8 tiros ante la emboscada y la jaur\u00ed\u00ada uniformada y de civil que deseaba verlo muerto.<\/p>\n<p>El compa\u00f1ero se encontraba con peluca, lentes y documentaci\u00f3n falsa a nombre de Mijalis Mijelakis, adem\u00e1s de un manojo de llaves las que seg\u00fan la polic\u00ed\u00ada corresponder\u00ed\u00adan a varias casas de seguridad de Lucha Revolucionaria o donde se encontrar\u00ed\u00ada la compa\u00f1era Pola Roupa. Es por esto que revisaran las distintas c\u00e1maras de seguridad del transporte publico para buscar la ruta que habr\u00ed\u00ada realizado Nikos buscando dar con la casa donde se encontraba.<\/p>\n<p>La represi\u00f3n se\u00f1ala que el compa\u00f1ero estar\u00ed\u00ada involucrado en cerca de 6 asaltos a bancos, adem\u00e1s del coche bomba frente al Banco de Grecia. Mientras que por su parte, ya comenzaron a realizar numerosos allanamientos en Exarchia, adem\u00e1s de hacer un llamado a la ciudadan\u00ed\u00ada a que colabore en b\u00fasqueda de pistas o datos que den al paradero de la compa\u00f1era pr\u00f3fuga.<\/p>\n<p>Nikos fue internado en el hospital de Evangelismos, para ser trasladado el 19 de Julio a la secci\u00f3n m\u00e9dica de la prisi\u00f3n de Koridallos, mientras se han multiplicado los gestos solidarios ante esta nueva y brutal detenci\u00f3n (Ver informaci\u00f3n desde los compas de Contra info Aqui:<a href=\"http:\/\/es.contrainfo.espiv.net\/2014\/07\/20\/exarchia-atenas-ataque-a-escuadron-de-antidisturbios-en-solidaridad-con-nikos-maziotis\/\">1<\/a>,<a href=\"http:\/\/es.contrainfo.espiv.net\/2014\/07\/19\/grecia-mas-muestras-de-apoyo-a-nikos-maziotis-desde-tesalonica\/\">2<\/a>,<a href=\"http:\/\/es.contrainfo.espiv.net\/2014\/07\/18\/atenas-mitin-solidario-con-el-anarquista-preso-nikos-maziotis\/\">3<\/a>,<a href=\"http:\/\/es.contrainfo.espiv.net\/2014\/07\/18\/tesalonica-pancarta-solidaria-con-el-compa-nikos-maziotis\/\">4<\/a><a href=\"http:\/\/es.contrainfo.espiv.net\/2014\/07\/17\/esparta-grecia-pancarta-solidaria-con-el-guerrillero-nikos-maziotis\/\">,5<\/a>,\u00a0<a href=\"http:\/\/es.contrainfo.espiv.net\/2014\/07\/21\/santiago-pancarta-en-el-instituto-chileno-helenico-por-la-libertad-de-nikos-maziotis\/\">6<\/a>,\u00a0<a href=\"http:\/\/es.contrainfo.espiv.net\/2014\/07\/21\/madrid-pancarta-solidaria-con-nikos-maziotis\/\">7<\/a> )<br \/>\nA pesar de las diferencias que podamos tener con la proyecci\u00f3n pol\u00ed\u00adtica de Lucha Revolucionaria, nos resulta absolutamente innegable la trayectoria de lucha de lxs compa\u00f1erxs como tambi\u00e9n la consecuencia en los distintos momentos de la vida. Porque nos encontramos y nos unimos en la guerra:Toda nuestra solidaridad con los guerrilleros urbanos de las distintas tendencias antiautoritarias!!.<br \/>\n<strong><br \/>\n\u00a1\u00a1Solidaridad con los guerrilleros urbanos en prisi\u00f3n y clandestinidad!!<br \/>\n\u00a1\u00a1Amor en revuelta para Pola y el peque\u00f1o Victor Lambros!!<\/strong><\/p>\n<p>Fuente: <a title=\"Publicaci\u00f3n refractario\" href=\"http:\/\/publicacionrefractario.wordpress.com\/2014\/07\/21\/grecia-informacion-sobre-la-detencion-del-companero-nikos-maziotis\/\">publicaci\u00f3nrefractario<\/a><strong><br \/>\n<\/strong><\/p>\n","protected":false},"excerpt":{"rendered":"<p>El pasado mi\u00e9rcoles 16 de julio de 2014 fue detenido en el centro de Atenas el anarquista Nikos Maziotis tras un intenso tiroteo con fuerzas policiales. El anarquista griego se encontraba en situaci\u00f3n de clandestinidad tras haberse fugado de la c\u00e1rcel en 2012 aprovechando un permiso antes del inicio de las vistas orales en el&#8230;  <a href=\"https:\/\/diariodevurgos.com\/dvwps\/herido-y-detenido-en-atenas-el-anarquista-nikos-maziotis.php\" class=\"more-link\" title=\"Read Herido y detenido en Atenas el anarquista Nikos Maziotis\">Read more &raquo;<\/a><\/p>\n","protected":false},"author":2,"featured_media":0,"comment_status":"open","ping_status":"closed","sticky":false,"template":"","format":"standard","meta":[],"categories":[22,64,24,49,17],"tags":[],"_links":{"self":[{"href":"https:\/\/diariodevurgos.com\/dvwps\/wp-json\/wp\/v2\/posts\/13144"}],"collection":[{"href":"https:\/\/diariodevurgos.com\/dvwps\/wp-json\/wp\/v2\/posts"}],"about":[{"href":"https:\/\/diariodevurgos.com\/dvwps\/wp-json\/wp\/v2\/types\/post"}],"author":[{"embeddable":true,"href":"https:\/\/diariodevurgos.com\/dvwps\/wp-json\/wp\/v2\/users\/2"}],"replies":[{"embeddable":true,"href":"https:\/\/diariodevurgos.com\/dvwps\/wp-json\/wp\/v2\/comments?post=13144"}],"version-history":[{"count":5,"href":"https:\/\/diariodevurgos.com\/dvwps\/wp-json\/wp\/v2\/posts\/13144\/revisions"}],"predecessor-version":[{"id":13147,"href":"https:\/\/diariodevurgos.com\/dvwps\/wp-json\/wp\/v2\/posts\/13144\/revisions\/13147"}],"wp:attachment":[{"href":"https:\/\/diariodevurgos.com\/dvwps\/wp-json\/wp\/v2\/media?parent=13144"}],"wp:term":[{"taxonomy":"category","embeddable":true,"href":"https:\/\/diariodevurgos.com\/dvwps\/wp-json\/wp\/v2\/categories?post=13144"},{"taxonomy":"post_tag","embeddable":true,"href":"https:\/\/diariodevurgos.com\/dvwps\/wp-json\/wp\/v2\/tags?post=13144"}],"curies":[{"name":"wp","href":"https:\/\/api.w.org\/{rel}","templated":true}]}}