{"id":1316,"date":"2008-03-26T23:37:27","date_gmt":"2008-03-26T22:37:27","guid":{"rendered":"http:\/\/diariodevurgos.com\/dvwps\/borrarse-de-la-iglesia-en-burgos.php"},"modified":"2008-03-27T08:58:09","modified_gmt":"2008-03-27T07:58:09","slug":"borrarse-de-la-iglesia-en-burgos","status":"publish","type":"post","link":"https:\/\/diariodevurgos.com\/dvwps\/borrarse-de-la-iglesia-en-burgos.php","title":{"rendered":"Borrarse de la iglesia en Burgos"},"content":{"rendered":"<p class=\"lead\">El pasado 7 de marzo tuvo lugar una iniciativa de <a title=\"Apostas\u00ed\u00ada\" href=\"http:\/\/es.wikipedia.org\/wiki\/Apostas%C3%ADa\">apostas\u00ed\u00ada<\/a> colectiva en Burgos. Un conjunto de ciudadanos se personaron en la sede del arzobispado para entregar un docuemnto en el que expresaban su rencuncia a seguir inscritos en la Iglesia Cat\u00f3lica, d\u00e1ndose de baja como cristianos en dicha organizaci\u00f3n.<\/p>\n<p align=\"center\"><img loading=\"lazy\" width=\"454\" height=\"262\" alt=\"Borrarse de la iglesia\" style=\"width: 454px; height: 262px\" title=\"Borrarse de la iglesia\" id=\"image1314\" src=\"http:\/\/diariodevurgos.com\/dvwps\/wp-content\/uploads\/2008\/03\/2326693409_99b2a274e1.jpg\" \/><\/p>\n<p><!--more-->La Igles\u00ed\u00ada Catolica recibe anualmente una serie de millonarias subvenciones por parte del Estado Espa\u00f1ol (un Estado que se declara l\u00e1ico) en funci\u00f3n del numero de personas que se encuentran inscritas. En el escrito de apostas\u00ed\u00ada presentado el conjunto de personas  hac\u00ed\u00ada p\u00fablico  la renuncia de la fe cat\u00f3lica y a seguir pertenciendo a una organizaci\u00f3n en la que nunca se solict\u00f3 su permiso a ser inscrito. Una iniciativa que no es la <a title=\"Jornadas Ateas\" href=\"http:\/\/diariodevurgos.com\/dvwps\/jornadas-ateas-en-la-zarza-17-al-21-de-abril.php\">primera vez<\/a> que se produce en la ciudad de Burgos y que, si consigue generalizarse, puede suponer la punta del iceber para la creaci\u00f3n de un movimiento de toma de conciencia frente al oscurantimo clerical.<\/p>\n<p align=\"center\"><img alt=\"Que se ponga Dios\" title=\"Que se ponga Dios\" id=\"image1315\" src=\"http:\/\/diariodevurgos.com\/dvwps\/wp-content\/uploads\/2008\/03\/dios.jpg\" \/><\/p>\n<p align=\"right\">El cartel de la iniciativa y la imagen son, como de costumbre, de la cuadrilla del <a title=\"Morbido\" href=\"http:\/\/morbido.blogspot.com\/\">morbido<\/a><\/p>\n","protected":false},"excerpt":{"rendered":"<p>El pasado 7 de marzo tuvo lugar una iniciativa de apostas\u00ed\u00ada colectiva en Burgos. Un conjunto de ciudadanos se personaron en la sede del arzobispado para entregar un docuemnto en el que expresaban su rencuncia a seguir inscritos en la Iglesia Cat\u00f3lica, d\u00e1ndose de baja como cristianos en dicha organizaci\u00f3n.<\/p>\n","protected":false},"author":9,"featured_media":0,"comment_status":"open","ping_status":"closed","sticky":false,"template":"","format":"standard","meta":[],"categories":[2,29],"tags":[],"_links":{"self":[{"href":"https:\/\/diariodevurgos.com\/dvwps\/wp-json\/wp\/v2\/posts\/1316"}],"collection":[{"href":"https:\/\/diariodevurgos.com\/dvwps\/wp-json\/wp\/v2\/posts"}],"about":[{"href":"https:\/\/diariodevurgos.com\/dvwps\/wp-json\/wp\/v2\/types\/post"}],"author":[{"embeddable":true,"href":"https:\/\/diariodevurgos.com\/dvwps\/wp-json\/wp\/v2\/users\/9"}],"replies":[{"embeddable":true,"href":"https:\/\/diariodevurgos.com\/dvwps\/wp-json\/wp\/v2\/comments?post=1316"}],"version-history":[{"count":0,"href":"https:\/\/diariodevurgos.com\/dvwps\/wp-json\/wp\/v2\/posts\/1316\/revisions"}],"wp:attachment":[{"href":"https:\/\/diariodevurgos.com\/dvwps\/wp-json\/wp\/v2\/media?parent=1316"}],"wp:term":[{"taxonomy":"category","embeddable":true,"href":"https:\/\/diariodevurgos.com\/dvwps\/wp-json\/wp\/v2\/categories?post=1316"},{"taxonomy":"post_tag","embeddable":true,"href":"https:\/\/diariodevurgos.com\/dvwps\/wp-json\/wp\/v2\/tags?post=1316"}],"curies":[{"name":"wp","href":"https:\/\/api.w.org\/{rel}","templated":true}]}}