{"id":1333,"date":"2008-04-02T20:51:01","date_gmt":"2008-04-02T19:51:01","guid":{"rendered":"http:\/\/diariodevurgos.com\/dvwps\/solidaridad-procesados-salonica.php"},"modified":"2008-04-02T21:03:22","modified_gmt":"2008-04-02T20:03:22","slug":"solidaridad-procesados-salonica","status":"publish","type":"post","link":"https:\/\/diariodevurgos.com\/dvwps\/solidaridad-procesados-salonica.php","title":{"rendered":"Solidaridad procesados Sal\u00f3nica"},"content":{"rendered":"<p class=\"lead\">El pr\u00f3ximo 7 de mayo de 2008 dar\u00e1 comienzo en la ciudad griega de Sal\u00f3nica el <a title=\"Juicio Sal\u00f3nica\" href=\"http:\/\/diariodevurgos.com\/dvwps\/nueva-fecha-para-el-juicio-de-salonica.php\">proceso jur\u00ed\u00addico<\/a> contra varios de los manifestantes detenidos durante la cumbre de ministros de la Uni\u00f3n Europea que se celebro en junio de 2003 en dicha ciudad. Entre los encausados se encuentra Fernando, un joven anarquista burgal\u00e9s que fue detenido arbitrariamente durante una de las manifestaciones en protesta contra la cumbre de ministros.<\/p>\n<p align=\"center\"><img id=\"image1332\" alt=\"SalonicaPequenica\" src=\"http:\/\/diariodevurgos.com\/dvwps\/wp-content\/uploads\/2008\/03\/tesalonicab2pre27demayopeque.jpg\" \/><\/p>\n<p><!--more--><\/p>\n<p>De esta manera Fernando, al que la prensa griega defin\u00ed\u00ada como un &#8220;peligros\u00ed\u00adsimo l\u00ed\u00adder anarquista internacional de origen vasco&#8221;\u009d paso a formar parte de los <a title=\"7 de Sal\u00f3nica\" href=\"http:\/\/www.alasbarricadas.org\/antigua\/modules.php?name=News&#038;seccion=5\">&#8220;7 de Sal\u00f3nica&#8221;\u009d,<\/a> quienes permanecieron encarcelados durante\u00a0 5 meses. La trama tejida para encarcelar a los detenidos fue contestada por nuestros compa\u00f1eros mediante la realizaron una huelga de hambre de 53 d\u00ed\u00adas, y una gran movilizaci\u00f3n internacional en pro de su liberaci\u00f3n, lo que finalmente consigui\u00f3 que el Estado Griego pusiera definitivamente fin a su reclusi\u00f3n.<\/p>\n<p>Tras 5 a\u00f1os de aquellos hechos, y el aplazamiento de la vista oral, el juicio dar\u00e1 finalmente comienzo con acusaciones de entre 5 y 15 a\u00f1os de encarcelamiento para Fernando y el resto de compa\u00f1eros.<\/p>\n<p>Un juicio en el que ni Fernando ni el resto de compa\u00f1eros encausados esta solo. Es momento de activar de nuevo la solidaridad.<\/p>\n","protected":false},"excerpt":{"rendered":"<p>El pr\u00f3ximo 7 de mayo de 2008 dar\u00e1 comienzo en la ciudad griega de Sal\u00f3nica el proceso jur\u00ed\u00addico contra varios de los manifestantes detenidos durante la cumbre de ministros de la Uni\u00f3n Europea que se celebro en junio de 2003 en dicha ciudad. Entre los encausados se encuentra Fernando, un joven anarquista burgal\u00e9s que fue&#8230;  <a href=\"https:\/\/diariodevurgos.com\/dvwps\/solidaridad-procesados-salonica.php\" class=\"more-link\" title=\"Read Solidaridad procesados Sal\u00f3nica\">Read more &raquo;<\/a><\/p>\n","protected":false},"author":1,"featured_media":0,"comment_status":"open","ping_status":"closed","sticky":false,"template":"","format":"standard","meta":[],"categories":[2,24,25,17],"tags":[],"_links":{"self":[{"href":"https:\/\/diariodevurgos.com\/dvwps\/wp-json\/wp\/v2\/posts\/1333"}],"collection":[{"href":"https:\/\/diariodevurgos.com\/dvwps\/wp-json\/wp\/v2\/posts"}],"about":[{"href":"https:\/\/diariodevurgos.com\/dvwps\/wp-json\/wp\/v2\/types\/post"}],"author":[{"embeddable":true,"href":"https:\/\/diariodevurgos.com\/dvwps\/wp-json\/wp\/v2\/users\/1"}],"replies":[{"embeddable":true,"href":"https:\/\/diariodevurgos.com\/dvwps\/wp-json\/wp\/v2\/comments?post=1333"}],"version-history":[{"count":0,"href":"https:\/\/diariodevurgos.com\/dvwps\/wp-json\/wp\/v2\/posts\/1333\/revisions"}],"wp:attachment":[{"href":"https:\/\/diariodevurgos.com\/dvwps\/wp-json\/wp\/v2\/media?parent=1333"}],"wp:term":[{"taxonomy":"category","embeddable":true,"href":"https:\/\/diariodevurgos.com\/dvwps\/wp-json\/wp\/v2\/categories?post=1333"},{"taxonomy":"post_tag","embeddable":true,"href":"https:\/\/diariodevurgos.com\/dvwps\/wp-json\/wp\/v2\/tags?post=1333"}],"curies":[{"name":"wp","href":"https:\/\/api.w.org\/{rel}","templated":true}]}}