{"id":1336,"date":"2008-04-01T14:30:15","date_gmt":"2008-04-01T13:30:15","guid":{"rendered":"http:\/\/diariodevurgos.com\/dvwps\/paralizado-el-proyecto-para-la-nueva-protectora.php"},"modified":"2008-04-01T14:30:15","modified_gmt":"2008-04-01T13:30:15","slug":"paralizado-el-proyecto-para-la-nueva-protectora","status":"publish","type":"post","link":"https:\/\/diariodevurgos.com\/dvwps\/paralizado-el-proyecto-para-la-nueva-protectora.php","title":{"rendered":"Paralizado el proyecto para la nueva protectora"},"content":{"rendered":"<p class=\"lead\"><img align=\"right\" alt=\"antiespec\" id=\"image231\" title=\"antiespec\" src=\"http:\/\/diariodevurgos.com\/dvwps\/wp-content\/uploads\/2007\/03\/alf-logo.miniatura.gif\" \/>Desde <a title=\"protectoraburgos\" href=\"http:\/\/www.protectoraburgos.es\/Joomla\/index.php\">la protectora de animales de Burgos<\/a> nos mandan una carta relat\u00e1ndonos el calvario de esta asociaci\u00f3n en sus contactos con el Ayuntamiento para conseguir unas mejores instalaciones. Las promesas que nunca llegan son algo a lo que casi todos estamos acostumbrados y esta parece una de tantas.<br \/>\n<!--more--><\/p>\n<p>EL PROYECTO DE LA NUEVA PROTECTORA CONTIN\u00ed\u0161A PARALIZADO<br \/>\nDebido a las obsoletas y precarias instalaciones  de la Sociedad Protectora de Animales y Plantas de Burgos (construida hace veintisiete a\u00f1os), el Ayuntamiento plante\u00f3 la posibilidad de hacer un centro zoosanitario como nuevo emplazamiento. Aunque los motivos reales que han empujado al Ayuntamiento a poner en marcha este proyecto son: por una parte, que el terreno que actualmente ocupa la Protectora est\u00e1 cedido en precario por el Ayuntamiento, por lo que en cualquier momento podr\u00ed\u00adan desalojar dicho terreno para construir en \u00e9l, y por otra parte, la presi\u00f3n que ejerce sobre el Ayuntamiento de Burgos la Capitalidad Cultural Europea de dos mil diecis\u00e9is a la que se presenta como candidata la ciudad de Burgos, ya que en muchos pa\u00ed\u00adses de Europa el maltrato y la crueldad hacia los animales est\u00e1n muy mal vistas y consideradas como incultura.<\/p>\n<p>En principio el Ayuntamiento presupuest\u00f3 el centro zoosanitario en un mill\u00f3n doscientos mil euros y se encarg\u00f3 el proyecto a un arquitecto que no cumpli\u00f3 los plazos de entrega y hubo que volver a empezar todo el proceso. A d\u00ed\u00ada de hoy ese proyecto est\u00e1 terminado aunque con una reducci\u00f3n de presupuesto de m\u00e1s del cincuenta por ciento, que incluso el arquitecto, Blas de la Iglesia, quiso rechazar porque el presupuesto era insuficiente. A\u00fan as\u00ed\u00ad el Ayuntamiento le oblig\u00f3 a coger lo que hab\u00ed\u00ada o quitarle la firma del proyecto. Finalmente se plante\u00f3 el centro zoosanitario con un presupuesto de quinientos ochenta mil euros, recortando gastos en las calidades de los materiales, reducci\u00f3n de espacio y en cosas tan b\u00e1sicas como que no habr\u00e1 calefacci\u00f3n en la zona de los cachorros y seguir\u00e1n muriendo de fr\u00ed\u00ado cada invierno.<\/p>\n<p>Adem\u00e1s el terreno que cedi\u00f3 el Ayuntamiento para dicho proyecto se encuentra dentro del Ecoparque de Cortes, es decir, en el Vertedero Municipal. Este terreno no se puede utilizar para construir porque una vez que se sella un vertedero se abre un periodo de veinte a\u00f1os para estudiar las emisiones que emana, entre otras el metano que desprende un desagradable olor y los COV\u00b4s (Cuerpos Org\u00e1nicos Vol\u00e1tiles) que son cancer\u00ed\u00adgenos y bioacumulables.<\/p>\n<p>La parcela cedida se encuentra a trescientos escasos metros de la Planta de Machaqueo de escombros que produce gran cantidad de polvo y ruido y entre el escombro se cuelan peque\u00f1os trozos de fibrocemento, m\u00e1s conocido como &#8220;Uralita&#8221;\u009d, que contienen amianto, cancer\u00ed\u00adgeno tanto para personas como para animales y que provoca silicosis (la enfermedad de los mineros) a largo plazo.<br \/>\nTodo esto unido al pr\u00f3ximo traslado de unos dep\u00f3sitos de combustible inflamable y peligroso que actualmente se encuentran en la zona de &#8220;Las Huelgas&#8221;\u009d y que deber\u00ed\u00adan encontrarse a no menos de cualquier n\u00facleo de poblaci\u00f3n. A\u00f1adir tambi\u00e9n que el traslado de la Protectora al Ecoparque plantear\u00ed\u00ada tambi\u00e9n otros problemas como por ejemplo, que el acceso desde la Planta de Machaqueo hasta la parcela se hace por una pista de tierra que cuando llueve se convierte en un barrizal y que incluso puede llegar a hundirse, adem\u00e1s del constante tr\u00e1nsito de camiones que como hemos podido comprobar circulan muy r\u00e1pido y no respetan demasiado a los coches.<\/p>\n<p>En conversaciones con la Concejala de Sanidad, Concha Gir\u00f3n se plante\u00f3 la posibilidad de unificar Protectora y Perrera como condici\u00f3n para llevar a cabo el proyecto. La realidad es que ellos pondr\u00ed\u00adan un terreno inadecuado y un proyecto inviable e insuficiente y con eso se desentender\u00ed\u00adan del tema. Cuando a d\u00ed\u00ada de hoy a la empresa que se encarga de gestionar la Perrera Municipal (SEMAT) se les est\u00e1n pagando cantidades ingentes de dinero por matar animales que ni siquiera gozan de atenci\u00f3n veterinaria durante su breve estancia de veinte d\u00ed\u00adas; y sin embargo la protectora recibe la \u00ed\u00adnfima cantidad de cuatro mil ciento cuarenta y cuatro euros al a\u00f1o, subvenci\u00f3n que no es fija y que nos podr\u00ed\u00adan retirar para el pr\u00f3ximo a\u00f1o si quisieran. Con este dinero no se cubren ni los gastos que genera en un mes la Protectora entre trabajadores, pienso y veterinario.<\/p>\n<p>Por si todo esto fuese poco, durante la visita al terreno del Ecoparque tambi\u00e9n se coment\u00f3 la capacidad que tendr\u00ed\u00ada el nuevo Centro, unos ochenta perros, m\u00e1s gatos y cachorros y la Concejala plante\u00f3 la posibilidad de meter ciento sesenta perros &#8220;apretaditos&#8221;\u009d, siendo las dimensiones de las jaulas de dos metros cuadrados. Con estos datos, inaugurar\u00ed\u00adamos el nuevo Centro &#8220;bien apretaditos&#8221;\u009d ya que a d\u00ed\u00ada de hoy la Protectora acoge noventa y ocho perros, veinticinco gatos y dos cachorros; y en el caso de asumir tambi\u00e9n la ocupaci\u00f3n de la perrera, en muy poco tiempo no nos quedar\u00ed\u00ada m\u00e1s remedio que sacrificar animales, algo que est\u00e1 en contra de la pol\u00ed\u00adtica de la Protectora.<\/p>\n<p>Por todo esto pedimos ayuda ya que en palabras de la Concejala, Concha Gir\u00f3n: &#8220;Esto es lo que hay y si no lo cog\u00e9is me desentiendo&#8221;\u009d.<\/p>\n<p>A d\u00ed\u00ada de hoy las relaciones con la Concejal\u00ed\u00ada de Sanidad est\u00e1n paradas. Nadie nos da soluciones y la realidad es que en cualquier momento nos pueden echar de los terrenos que actualmente ocupa la Protectora.<\/p>\n<p>Pero ya no nos vamos a callar porque el miedo a las represalias no conduce a ninguna parte, ni alimenta a nuestros animales.<\/p>\n","protected":false},"excerpt":{"rendered":"<p>Desde la protectora de animales de Burgos nos mandan una carta relat\u00e1ndonos el calvario de esta asociaci\u00f3n en sus contactos con el Ayuntamiento para conseguir unas mejores instalaciones. Las promesas que nunca llegan son algo a lo que casi todos estamos acostumbrados y esta parece una de tantas.<\/p>\n","protected":false},"author":1,"featured_media":0,"comment_status":"open","ping_status":"closed","sticky":false,"template":"","format":"standard","meta":[],"categories":[2,19],"tags":[],"_links":{"self":[{"href":"https:\/\/diariodevurgos.com\/dvwps\/wp-json\/wp\/v2\/posts\/1336"}],"collection":[{"href":"https:\/\/diariodevurgos.com\/dvwps\/wp-json\/wp\/v2\/posts"}],"about":[{"href":"https:\/\/diariodevurgos.com\/dvwps\/wp-json\/wp\/v2\/types\/post"}],"author":[{"embeddable":true,"href":"https:\/\/diariodevurgos.com\/dvwps\/wp-json\/wp\/v2\/users\/1"}],"replies":[{"embeddable":true,"href":"https:\/\/diariodevurgos.com\/dvwps\/wp-json\/wp\/v2\/comments?post=1336"}],"version-history":[{"count":0,"href":"https:\/\/diariodevurgos.com\/dvwps\/wp-json\/wp\/v2\/posts\/1336\/revisions"}],"wp:attachment":[{"href":"https:\/\/diariodevurgos.com\/dvwps\/wp-json\/wp\/v2\/media?parent=1336"}],"wp:term":[{"taxonomy":"category","embeddable":true,"href":"https:\/\/diariodevurgos.com\/dvwps\/wp-json\/wp\/v2\/categories?post=1336"},{"taxonomy":"post_tag","embeddable":true,"href":"https:\/\/diariodevurgos.com\/dvwps\/wp-json\/wp\/v2\/tags?post=1336"}],"curies":[{"name":"wp","href":"https:\/\/api.w.org\/{rel}","templated":true}]}}