{"id":13360,"date":"2014-08-30T19:49:07","date_gmt":"2014-08-30T18:49:07","guid":{"rendered":"http:\/\/diariodevurgos.com\/dvwps\/?p=13360"},"modified":"2014-08-30T19:49:43","modified_gmt":"2014-08-30T18:49:43","slug":"jornada-de-lucha-por-la-libertad-en-palencia","status":"publish","type":"post","link":"https:\/\/diariodevurgos.com\/dvwps\/jornada-de-lucha-por-la-libertad-en-palencia.php","title":{"rendered":"Jornada de lucha por la libertad en Palencia"},"content":{"rendered":"<p class=\"lead\">El s\u00e1bado 30 de agosto se ha desarrollado una jornada de lucha por la libertad en la cercana ciudad de Palencia. La asamblea contra el archivo-museo de la policia ha desarrollado una serie de actividades con las que tratar de denunciar la cesi\u00f3n de este edificio cargado de Memoria Hist\u00f3rica de los resistentes al r\u00e9gimen anterior a una instituci\u00f3n represiva.<\/p>\n<p style=\"text-align: center;\"><img loading=\"lazy\" class=\"aligncenter size-full wp-image-13361\" title=\"jornadacarcel\" src=\"http:\/\/diariodevurgos.com\/dvwps\/wp-content\/uploads\/2014\/08\/jornadacarcel.png\" alt=\"jornadacarcel\" width=\"358\" height=\"506\" srcset=\"https:\/\/diariodevurgos.com\/dvwps\/wp-content\/uploads\/2014\/08\/jornadacarcel.png 1131w, https:\/\/diariodevurgos.com\/dvwps\/wp-content\/uploads\/2014\/08\/jornadacarcel-212x300.png 212w, https:\/\/diariodevurgos.com\/dvwps\/wp-content\/uploads\/2014\/08\/jornadacarcel-723x1024.png 723w\" sizes=\"(max-width: 358px) 100vw, 358px\" \/><\/p>\n","protected":false},"excerpt":{"rendered":"<p>El s\u00e1bado 30 de agosto se ha desarrollado una jornada de lucha por la libertad en la cercana ciudad de Palencia. La asamblea contra el archivo-museo de la policia ha desarrollado una serie de actividades con las que tratar de denunciar la cesi\u00f3n de este edificio cargado de Memoria Hist\u00f3rica de los resistentes al r\u00e9gimen&#8230;  <a href=\"https:\/\/diariodevurgos.com\/dvwps\/jornada-de-lucha-por-la-libertad-en-palencia.php\" class=\"more-link\" title=\"Read Jornada de lucha por la libertad en Palencia\">Read more &raquo;<\/a><\/p>\n","protected":false},"author":2,"featured_media":0,"comment_status":"open","ping_status":"closed","sticky":false,"template":"","format":"standard","meta":[],"categories":[57,64,6,71],"tags":[],"_links":{"self":[{"href":"https:\/\/diariodevurgos.com\/dvwps\/wp-json\/wp\/v2\/posts\/13360"}],"collection":[{"href":"https:\/\/diariodevurgos.com\/dvwps\/wp-json\/wp\/v2\/posts"}],"about":[{"href":"https:\/\/diariodevurgos.com\/dvwps\/wp-json\/wp\/v2\/types\/post"}],"author":[{"embeddable":true,"href":"https:\/\/diariodevurgos.com\/dvwps\/wp-json\/wp\/v2\/users\/2"}],"replies":[{"embeddable":true,"href":"https:\/\/diariodevurgos.com\/dvwps\/wp-json\/wp\/v2\/comments?post=13360"}],"version-history":[{"count":3,"href":"https:\/\/diariodevurgos.com\/dvwps\/wp-json\/wp\/v2\/posts\/13360\/revisions"}],"predecessor-version":[{"id":13364,"href":"https:\/\/diariodevurgos.com\/dvwps\/wp-json\/wp\/v2\/posts\/13360\/revisions\/13364"}],"wp:attachment":[{"href":"https:\/\/diariodevurgos.com\/dvwps\/wp-json\/wp\/v2\/media?parent=13360"}],"wp:term":[{"taxonomy":"category","embeddable":true,"href":"https:\/\/diariodevurgos.com\/dvwps\/wp-json\/wp\/v2\/categories?post=13360"},{"taxonomy":"post_tag","embeddable":true,"href":"https:\/\/diariodevurgos.com\/dvwps\/wp-json\/wp\/v2\/tags?post=13360"}],"curies":[{"name":"wp","href":"https:\/\/api.w.org\/{rel}","templated":true}]}}