{"id":1338,"date":"2008-04-01T22:35:48","date_gmt":"2008-04-01T21:35:48","guid":{"rendered":"http:\/\/diariodevurgos.com\/dvwps\/bahia-de-pasaia-crimen-de-estado.php"},"modified":"2008-04-16T22:01:45","modified_gmt":"2008-04-16T21:01:45","slug":"bahia-de-pasaia-crimen-de-estado","status":"publish","type":"post","link":"https:\/\/diariodevurgos.com\/dvwps\/bahia-de-pasaia-crimen-de-estado.php","title":{"rendered":"Bah\u00ed\u00ada de Pasaia crimen de Estado"},"content":{"rendered":"<p class=\"lead\"><img loading=\"lazy\" id=\"image1337\" title=\"Portada\" style=\"width: 254px; height: 236px\" height=\"236\" alt=\"Portada\" src=\"http:\/\/diariodevurgos.com\/dvwps\/wp-content\/uploads\/2008\/04\/portada.bmp\" width=\"254\" align=\"right\" \/>Justo cuando apenas se han cumplido unos d\u00ed\u00adas del <a title=\"24 ANIVERSARIO\" href=\"http:\/\/diariodevurgos.com\/dvwps\/a-24-anos-de-la-emboscada-criminal-de-bahia-de-pasaia.php\">24 aniversario<\/a> de los hechos\u00a0ocurridos en la Bah\u00ed\u00ada de\u00a0Pasaia,\u00a0ve la luz una nueva publicaci\u00f3n sobre los <a title=\"Comandos Aut\u00f3nomos Anticapitalistas\" href=\"http:\/\/es.wikipedia.org\/wiki\/Comandos_Aut%C3%B3nomos_Anticapitalistas\">Comandos Aut\u00f3nomos Anticapitalistas<\/a>.\u00a0Su experiencia de lucha\u00a0se enmarca en un contexto de\u00a0 agitaci\u00f3n\u00a0 anticapitalista, en el que sin duda, los CAA\u00a0representaron la parte m\u00e1s radical y genuina del movimiento aut\u00f3nomo y asambleario\u00a0que puso\u00a0 en jaque al Estado\/Capital. Un libro editado por la <a title=\"Virus\" href=\"http:\/\/www.viruseditorial.net\/\">Editorial Vir\u00fas<\/a> y distribuido por <a title=\"Klinamen\" href=\"http:\/\/www.klinamen.org\/\">Editorial Klinamen<\/a> que representa\u00a0una aportaci\u00f3n fundamental\u00a0en los tiempos de olvido impuesto que actualmente vivimos.<\/p>\n<p><!--more--><\/p>\n<p>El 22 de marzo de 1984 mor\u00ed\u00adan acribillados a tiros cuatro miembros pertenecientes a los Comandos Aut\u00f3nomos Anticapitalistas (CAA). Los cuerpos policiales del estado espa\u00f1ol les tendieron una emboscada con el claro objetivo de acabar con sus vidas. S\u00f3lo sobrevivieron dos personas: Rosa, que fue utilizada como cebo, y Joseba, el quinto tripulante de la lancha que sali\u00f3 de las proximidades de San Juan de Luz (Iparralde) hacia Bah\u00ed\u00ada de Pasaia.<\/p>\n<p>Sus testimonios son de vital importancia para esclarecer los sucedido aquella tarde: por qu\u00e9 se llev\u00f3 a cabo dicha matanza y las consecuencias pol\u00ed\u00adticas que se derivaron, recogidas fielmente en este libro. Unos sucesos que se sit\u00faan en la sangrienta historia de la transacci\u00f3n de poderes que suspuso el paso de la dictadura franquista a la reciente democracia burguesa mon\u00e1rquica, y que acab\u00f3 con las ilusiones creadas por la clase trabajadora de hacer valer sus libertades a trav\u00e9s de propuestas autoorganizativas basadas en la democracia directa. Esta desmesurada acci\u00f3n policial supuso, en definitiva, la desaparici\u00f3n de los CAA y el fin de una \u00e9poca que se hab\u00ed\u00ada caracterizado opr el protagonismo obrero y la autonom\u00ed\u00ada de clase anticapitalista.<\/p>\n<p><strong>Unos hechos que deben permanecer en la memoria colectiva de todas y todos los residentes.<br \/>\n<\/strong><img id=\"image1266\" title=\"Libreria Klinamen\" alt=\"Libreria Klinamen\" src=\"http:\/\/diariodevurgos.com\/dvwps\/wp-content\/uploads\/2008\/02\/logolibreriare4.miniatura.jpg\" align=\"left\" \/>Datos t\u00e9cnicos<br \/>\nN\u00ba de p\u00e1ginas: 300<br \/>\nISBN: 978-84-96044-93-7<\/p>\n<p>Para hacer un pedido on line del libro pincha <a title=\"Pedido libro\" href=\"http:\/\/libreria.klinamen.org\/index.php?main_page=product_book_info&#038;products_id=918\">aqui<\/a><\/p>\n<a class=\"imagelink\" id=\"p1339\" title=\"Kurro\" href=\"http:\/\/diariodevurgos.com\/dvwps\/bahia-de-pasaia-crimen-de-estado.php\/kurro\/\" rel=\"attachment\"><img loading=\"lazy\" id=\"image1339\" title=\"Kurro\" style=\"width: 333px; height: 443px\" height=\"443\" alt=\"Kurro\" src=\"http:\/\/diariodevurgos.com\/dvwps\/wp-content\/uploads\/2008\/04\/kurro.jpg\" width=\"333\" \/><\/a>\n<p><strong>\u00bfQu\u00e9 paso el 22 de marzo en la Bah\u00ed\u00ada de Pasaia?<\/strong><\/p>\n<p>El 22 de marzo de 1984 eran acribillados por las balas de la polic\u00ed\u00ada, en una emboscada en la bahia de Pasaia, los militantes de los Comandos Aut\u00f3nomos Anticapitalistas, Pelu, Txapas, Kurro y Pelitxo.<\/p>\n<p>Sucesos que fueron muy importantes en su \u00e9poca quedan olvidados al cabo del tiempo. Pasan unos pocos a\u00f1os, y nos damos cuenta de que los j\u00f3venes no saben nada de aquellas cosas, no tiene ni idea de lo que ocurri\u00f3 ni de quienes o qu\u00e9 eran aquellas personas. Un pueblo tiene mucho que recordar, aunque tambi\u00e9n es verdad que hay cosas que al poder no le interesa recordar.<\/p>\n<p>La emboscada de Pasaia es uno de los terribles asesinatos que ocurrieron en la \u00e9poca de los 80. Son un momento clave y un suceso muy importante en la historia de la lucha anticapitalista y es por eso, que no podemos permitir que este capitulo caiga en un agujero negro de nuestra memoria.<\/p>\n<a class=\"imagelink\" title=\"Pelitxo\" href=\"http:\/\/diariodevurgos.com\/dvwps\/wp-content\/uploads\/2008\/04\/pelitxo.jpg\"><img loading=\"lazy\" id=\"image1340\" title=\"Pelitxo\" style=\"width: 329px; height: 471px\" height=\"471\" alt=\"Pelitxo\" src=\"http:\/\/diariodevurgos.com\/dvwps\/wp-content\/uploads\/2008\/04\/pelitxo.jpg\" width=\"329\" \/><\/a>\n<p><a class=\"imagelink\" title=\"Kurro\" href=\"http:\/\/diariodevurgos.com\/dvwps\/wp-content\/uploads\/2008\/04\/kurro.jpg\" \/><a class=\"imagelink\" title=\"Kurro\" href=\"http:\/\/diariodevurgos.com\/dvwps\/wp-content\/uploads\/2008\/04\/kurro.jpg\" \/>\u00a0En una entrevista radiof\u00f3nica realizada por Escrache aJoseba Merino unico superviviente de la emboscada policial,\u00a0 unico testigo de los hechos, nos cuenta como ocurrieron y porque decidieron mantenerlo con vida. Puedes escucharlo <a title=\"Emboscada criminal\" href=\"http:\/\/www.alasbarricadas.org\/radio\/index.php?id=56\">aqu\u00ed\u00ad<\/a>\u00a0\u00a0<\/p>\n<p><strong><a title=\"Emboscada criminal\" href=\"http:\/\/www.alasbarricadas.org\/radio\/index.php?id=56\"><img loading=\"lazy\" id=\"image1341\" title=\"Pelu\" style=\"width: 334px; height: 446px\" height=\"446\" alt=\"Pelu\" src=\"http:\/\/diariodevurgos.com\/dvwps\/wp-content\/uploads\/2008\/04\/pelu.jpg\" width=\"334\" \/><\/a><\/strong><\/p>\n<p><strong>M\u00e1s bibliograf\u00ed\u00ada sobre los Comandos Aut\u00f3nomos Anticapitalistas:<\/strong><\/p>\n<ul>\n<li>&#8220;Un anticapitalismo iconoclasta. C.A.A&#8221;\u009d. Editorial Likiniano Elkartea<\/li>\n<li>&#8220;Komando Autonomoak. Una Historia Anticapitalista&#8221;\u009d. Saciaren Arantzakada. Editorial Likiniano Elkartea<\/li>\n<\/ul>\n<a class=\"imagelink\" title=\"Txapas\" href=\"http:\/\/diariodevurgos.com\/dvwps\/wp-content\/uploads\/2008\/04\/txapas.jpg\"><img loading=\"lazy\" id=\"image1342\" title=\"Txapas\" style=\"width: 314px; height: 465px\" height=\"465\" alt=\"Txapas\" src=\"http:\/\/diariodevurgos.com\/dvwps\/wp-content\/uploads\/2008\/04\/txapas.jpg\" width=\"314\" \/><\/a>\n<p>Que la tierra os sea leve compa\u00f1eros. Siempre habr\u00e1 razones para rebelarse y luchar.<\/p>\n<p align=\"center\">El \u00faltimo minuto se arrastra por la esfera<br \/>\ncuando todo brilla con luz artificial.<br \/>\nAlgo rompe el silencio<br \/>\nlas balas barren la orilla<br \/>\nya no hay salida<br \/>\nni oportunidad.<br \/>\nBahia de Pasaia, emboscada criminal.<br \/>\nSangre.<br \/>\nBahia de Pasaia, emboscada criminal.<br \/>\nSangre.<br \/>\nBahia de Pasaia, emboscada criminal.<\/p>\n<p align=\"center\">Detr\u00e1s del uniforme queda el anonimato<br \/>\nen el cuartel un brindis, esta vez fueron cuatro.<br \/>\nSe\u00f1or gobernador<br \/>\nL\u00e1vese usted las manos<br \/>\ntodo fu\u00e9 correcto<br \/>\n\u00e9xito asegurado.<\/p>\n<p align=\"center\">Bahia de Pasaia, emboscada criminal.<br \/>\nSangre.<br \/>\nBahia de Pasaia, emboscada criminal.<br \/>\nSangre.<br \/>\nBahia de Pasaia, emboscada criminal.<\/p>\n<p align=\"center\">\u00a0\u00a0\u00a0\u00a0\u00a0\u00a0\u00a0\u00a0\u00a0\u00a0\u00a0\u00a0\u00a0\u00a0\u00a0\u00a0\u00a0\u00a0\u00a0\u00a0\u00a0\u00a0\u00a0\u00a0\u00a0\u00a0\u00a0\u00a0\u00a0\u00a0\u00a0\u00a0\u00a0\u00a0\u00a0 Barricada<\/p>\n<p align=\"left\">[youtube]eO18RWZmuY4[\/youtube]<\/p>\n<p align=\"left\">\u00a0<\/p>\n","protected":false},"excerpt":{"rendered":"<p>Justo cuando apenas se han cumplido unos d\u00ed\u00adas del 24 aniversario de los hechos\u00a0ocurridos en la Bah\u00ed\u00ada de\u00a0Pasaia,\u00a0ve la luz una nueva publicaci\u00f3n sobre los Comandos Aut\u00f3nomos Anticapitalistas.\u00a0Su experiencia de lucha\u00a0se enmarca en un contexto de\u00a0 agitaci\u00f3n\u00a0 anticapitalista, en el que sin duda, los CAA\u00a0representaron la parte m\u00e1s radical y genuina del movimiento aut\u00f3nomo y&#8230;  <a href=\"https:\/\/diariodevurgos.com\/dvwps\/bahia-de-pasaia-crimen-de-estado.php\" class=\"more-link\" title=\"Read Bah\u00ed\u00ada de Pasaia crimen de Estado\">Read more &raquo;<\/a><\/p>\n","protected":false},"author":9,"featured_media":0,"comment_status":"open","ping_status":"closed","sticky":false,"template":"","format":"standard","meta":[],"categories":[6,8,17],"tags":[],"_links":{"self":[{"href":"https:\/\/diariodevurgos.com\/dvwps\/wp-json\/wp\/v2\/posts\/1338"}],"collection":[{"href":"https:\/\/diariodevurgos.com\/dvwps\/wp-json\/wp\/v2\/posts"}],"about":[{"href":"https:\/\/diariodevurgos.com\/dvwps\/wp-json\/wp\/v2\/types\/post"}],"author":[{"embeddable":true,"href":"https:\/\/diariodevurgos.com\/dvwps\/wp-json\/wp\/v2\/users\/9"}],"replies":[{"embeddable":true,"href":"https:\/\/diariodevurgos.com\/dvwps\/wp-json\/wp\/v2\/comments?post=1338"}],"version-history":[{"count":0,"href":"https:\/\/diariodevurgos.com\/dvwps\/wp-json\/wp\/v2\/posts\/1338\/revisions"}],"wp:attachment":[{"href":"https:\/\/diariodevurgos.com\/dvwps\/wp-json\/wp\/v2\/media?parent=1338"}],"wp:term":[{"taxonomy":"category","embeddable":true,"href":"https:\/\/diariodevurgos.com\/dvwps\/wp-json\/wp\/v2\/categories?post=1338"},{"taxonomy":"post_tag","embeddable":true,"href":"https:\/\/diariodevurgos.com\/dvwps\/wp-json\/wp\/v2\/tags?post=1338"}],"curies":[{"name":"wp","href":"https:\/\/api.w.org\/{rel}","templated":true}]}}