{"id":13478,"date":"2014-09-24T00:01:41","date_gmt":"2014-09-23T23:01:41","guid":{"rendered":"http:\/\/diariodevurgos.com\/dvwps\/?p=13478"},"modified":"2014-09-24T00:09:35","modified_gmt":"2014-09-23T23:09:35","slug":"i-jornadas-contra-la-represion-por-el-apoyo-mutuo-y-la-auto-organizacion","status":"publish","type":"post","link":"https:\/\/diariodevurgos.com\/dvwps\/i-jornadas-contra-la-represion-por-el-apoyo-mutuo-y-la-auto-organizacion.php","title":{"rendered":"I Jornadas contra la represi\u00f3n. Por el apoyo mutuo y la auto-organizaci\u00f3n en el CSR Gamonal"},"content":{"rendered":"<p class=\"lead\">El<strong> Centro Social Recuperado Gamonal<\/strong> organiza para los pr\u00f3ximos <strong>3, 4 y 5 de octubre de 2014 <\/strong>las <a href=\"http:\/\/csrgamonal.ga\/index.php\/tutorials-mainmenu-48\/charlas\/377-i-jornadas-anti-represivas\">Primeras Jornadas contra la represi\u00f3n. Por el apoyo mutuo y la auto-organizaci\u00f3n<\/a>. Una iniciativa que pretende reflexionar y poner planteamientos en com\u00fan sobre las estrategias represivas que actualmente se est\u00e1n desarrollando contra los movimientos sociales y contestatarios.<\/p>\n<p style=\"text-align: center;\"><img loading=\"lazy\" class=\"aligncenter size-full wp-image-13479\" title=\"cartelcolor2\" src=\"http:\/\/diariodevurgos.com\/dvwps\/wp-content\/uploads\/2014\/09\/cartelcolor21.jpg\" alt=\"cartelcolor2\" width=\"463\" height=\"659\" srcset=\"https:\/\/diariodevurgos.com\/dvwps\/wp-content\/uploads\/2014\/09\/cartelcolor21.jpg 835w, https:\/\/diariodevurgos.com\/dvwps\/wp-content\/uploads\/2014\/09\/cartelcolor21-210x300.jpg 210w\" sizes=\"(max-width: 463px) 100vw, 463px\" \/><\/p>\n<p>Entre las actividades programadas, en las que se incluyen diversas charlas, destaca el encuentro que bajo el t\u00ed\u00adtulo <em>Luchas sociales y estrategias contra la represi\u00f3n<\/em>,\u00a0 se realizar\u00e1 durante la ma\u00f1ana y la tarde del s\u00e1bado 4 de octubre, y en el que estar\u00e1n presentes personas pertenecientes a colectivos de apoyo a\u00a0 encausados en diversas luchas sociales como <strong>STOP Represi\u00f3n Granada<\/strong>, <strong>Encausad@s Parlament<\/strong>,<strong> Barcelona Can Vies<\/strong> y<strong> Encausados de Gamonal<\/strong>, entre otros colectivos.El<a href=\"http:\/\/csrgamonal.ga\/\"> CSR Gamonal <\/a>se encuentra en la C\/Pablo Casals, entre La Antigua y e IES F\u00e9lix Rodr\u00ed\u00adguez de la Fuente.<\/p>\n","protected":false},"excerpt":{"rendered":"<p>El Centro Social Recuperado Gamonal organiza para los pr\u00f3ximos 3, 4 y 5 de octubre de 2014 las Primeras Jornadas contra la represi\u00f3n. Por el apoyo mutuo y la auto-organizaci\u00f3n. Una iniciativa que pretende reflexionar y poner planteamientos en com\u00fan sobre las estrategias represivas que actualmente se est\u00e1n desarrollando contra los movimientos sociales y contestatarios&#8230;.  <a href=\"https:\/\/diariodevurgos.com\/dvwps\/i-jornadas-contra-la-represion-por-el-apoyo-mutuo-y-la-auto-organizacion.php\" class=\"more-link\" title=\"Read I Jornadas contra la represi\u00f3n. Por el apoyo mutuo y la auto-organizaci\u00f3n en el CSR Gamonal\">Read more &raquo;<\/a><\/p>\n","protected":false},"author":2,"featured_media":0,"comment_status":"open","ping_status":"closed","sticky":false,"template":"","format":"standard","meta":[],"categories":[61,2,57,78,27,49,17],"tags":[],"_links":{"self":[{"href":"https:\/\/diariodevurgos.com\/dvwps\/wp-json\/wp\/v2\/posts\/13478"}],"collection":[{"href":"https:\/\/diariodevurgos.com\/dvwps\/wp-json\/wp\/v2\/posts"}],"about":[{"href":"https:\/\/diariodevurgos.com\/dvwps\/wp-json\/wp\/v2\/types\/post"}],"author":[{"embeddable":true,"href":"https:\/\/diariodevurgos.com\/dvwps\/wp-json\/wp\/v2\/users\/2"}],"replies":[{"embeddable":true,"href":"https:\/\/diariodevurgos.com\/dvwps\/wp-json\/wp\/v2\/comments?post=13478"}],"version-history":[{"count":5,"href":"https:\/\/diariodevurgos.com\/dvwps\/wp-json\/wp\/v2\/posts\/13478\/revisions"}],"predecessor-version":[{"id":13481,"href":"https:\/\/diariodevurgos.com\/dvwps\/wp-json\/wp\/v2\/posts\/13478\/revisions\/13481"}],"wp:attachment":[{"href":"https:\/\/diariodevurgos.com\/dvwps\/wp-json\/wp\/v2\/media?parent=13478"}],"wp:term":[{"taxonomy":"category","embeddable":true,"href":"https:\/\/diariodevurgos.com\/dvwps\/wp-json\/wp\/v2\/categories?post=13478"},{"taxonomy":"post_tag","embeddable":true,"href":"https:\/\/diariodevurgos.com\/dvwps\/wp-json\/wp\/v2\/tags?post=13478"}],"curies":[{"name":"wp","href":"https:\/\/api.w.org\/{rel}","templated":true}]}}