{"id":13533,"date":"2014-10-07T20:52:03","date_gmt":"2014-10-07T19:52:03","guid":{"rendered":"http:\/\/diariodevurgos.com\/dvwps\/?p=13533"},"modified":"2014-10-07T23:25:00","modified_gmt":"2014-10-07T22:25:00","slug":"fallece-el-historico-militante-anarquista-felix-padin","status":"publish","type":"post","link":"https:\/\/diariodevurgos.com\/dvwps\/fallece-el-historico-militante-anarquista-felix-padin.php","title":{"rendered":"Fallece el historico militante anarquista Felix Pad\u00ed\u00adn"},"content":{"rendered":"<p class=\"lead\"><a href=\"http:\/\/diariodevurgos.com\/dvwps\/wp-content\/uploads\/2014\/10\/felix.jpg\"><img loading=\"lazy\" class=\"alignleft size-medium wp-image-13534\" title=\"felix\" src=\"http:\/\/diariodevurgos.com\/dvwps\/wp-content\/uploads\/2014\/10\/felix-300x226.jpg\" alt=\"felix\" width=\"155\" height=\"119\" \/><\/a>Esta ma\u00f1ana ha fallecido en el hospital de Miranda de Ebro el  hist\u00f3rico militante de CNT F\u00e9lix Pad\u00ed\u00adn, de 98 a\u00f1os de edad. Se trata de  una noticia muy triste para nuestra organizaci\u00f3n. Hoy m\u00e1s que nunca  reafirmamos que seguiremos luchando por los principios y valores que  F\u00e9lix y otros tantos compa\u00f1eros y compa\u00f1eras defendieron.<\/p>\n<p>Oriundo de Bilbao, F\u00e9lix mantuvo desde muy joven un f\u00e9rreo compromiso  con la lucha por la revoluci\u00f3n social. Tras formar parte de las  Juventudes Libertarias, nuestro compa\u00f1ero pas\u00f3 por los batallones Isaac  Puente y Durruti de CNT, desde donde combati\u00f3 en la trinchera contra el  fascismo.<\/p>\n<p>Apresado por el franquismo, el hist\u00f3rico militante de CNT pas\u00f3 por  diferentes c\u00e1rceles y campos de concentraci\u00f3n del r\u00e9gimen. Adem\u00e1s, fue  obligado por el franquismo a trabajar como esclavo en diferentes zonas.  Ya fuese en la c\u00e1rcel o en la calle, F\u00e9lix siempre mantuvo su esp\u00ed\u00adritu  de resistencia, algo que ha valido de ejemplo para todas y todos  aquellos que formamos parte de CNT.<\/p>\n<p><a href=\"http:\/\/diariodevurgos.com\/dvwps\/felix-padin-desatar-lo-atado-y-bien-atado.php\">El pasado 4 de agosto, F\u00e9lix se present\u00f3 en el juzgado de Miranda de  Ebro para declarar sobre sus vivencias como prisionero del franquismo<\/a><a href=\"http:\/\/diariodevurgos.com\/dvwps\/felix-padin-declarara-ante-el-juzgado-de-miranda-de-ebro-en-la-querella-contra-los-crimenes-del-franquismo.php\">. <\/a>Su testimonio, enmarcado en la querella contra los cr\u00ed\u00admenes del  franquismo que se tramita en Argentina, resultaba de gran importancia,  ya que era uno de los \u00faltimos esclavos del r\u00e9gimen que permanec\u00ed\u00ada con  vida, ha destacado la central anarcosindicalista.<\/p>\n<p style=\"text-align: center;\"><img loading=\"lazy\" class=\"aligncenter size-full wp-image-13541\" title=\"F\u00e9lix-Pad\u00ed\u00adn-declaraci\u00f3n\" src=\"http:\/\/diariodevurgos.com\/dvwps\/wp-content\/uploads\/2014\/10\/F\u00e9lix-Pad\u00ed\u00adn-declaraci\u00f3n.JPG\" alt=\"F\u00e9lix-Pad\u00ed\u00adn-declaraci\u00f3n\" width=\"413\" height=\"310\" \/><\/p>\n<p>Por la tarde sus compa\u00f1er@s del sindicato CNT, amig@s y familiares hemos quedado el <strong>mi\u00e9rcoles 8 de octubre a las 18.30 en el centro cultural Ra<\/strong><span><strong>imundo Porres <\/strong>para desde all\u00ed\u00ad acudir todos juntos al campo de concentraci\u00f3n, donde recordaremos la memoria y la lucha del compa\u00f1ero.<\/span><br \/>\n<span>Los que te conoc\u00ed\u00adamos sabemos que el mejor homenaje que te podemos hacer es continuar con la lucha revolucionaria. <\/span><br \/>\n<span><br \/>\n<\/span><\/p>\n<p><span> Que la tierra te sea leve compa\u00f1ero. <\/span><br \/>\n<span> <\/span><\/p>\n<p>CNT MIRANDA DE EBRO.<\/p>\n<p><strong>ACTUALIZADO<\/strong>: A trav\u00e9s del blog de<strong> Radio Onda Expansiva<\/strong> puede escucharse la extensa entrevista que en su d\u00ed\u00ada realiz\u00f3<a href=\"http:\/\/ondaexpansiva.net\/?p=65\"> la radio libertaria burgalesa con Fel\u00ed\u00adx Pad\u00ed\u00adn<\/a><\/p>\n","protected":false},"excerpt":{"rendered":"<p>Esta ma\u00f1ana ha fallecido en el hospital de Miranda de Ebro el hist\u00f3rico militante de CNT F\u00e9lix Pad\u00ed\u00adn, de 98 a\u00f1os de edad. Se trata de una noticia muy triste para nuestra organizaci\u00f3n. Hoy m\u00e1s que nunca reafirmamos que seguiremos luchando por los principios y valores que F\u00e9lix y otros tantos compa\u00f1eros y compa\u00f1eras defendieron&#8230;.  <a href=\"https:\/\/diariodevurgos.com\/dvwps\/fallece-el-historico-militante-anarquista-felix-padin.php\" class=\"more-link\" title=\"Read Fallece el historico militante anarquista Felix Pad\u00ed\u00adn\">Read more &raquo;<\/a><\/p>\n","protected":false},"author":8,"featured_media":0,"comment_status":"open","ping_status":"closed","sticky":false,"template":"","format":"standard","meta":[],"categories":[2,71,76],"tags":[],"_links":{"self":[{"href":"https:\/\/diariodevurgos.com\/dvwps\/wp-json\/wp\/v2\/posts\/13533"}],"collection":[{"href":"https:\/\/diariodevurgos.com\/dvwps\/wp-json\/wp\/v2\/posts"}],"about":[{"href":"https:\/\/diariodevurgos.com\/dvwps\/wp-json\/wp\/v2\/types\/post"}],"author":[{"embeddable":true,"href":"https:\/\/diariodevurgos.com\/dvwps\/wp-json\/wp\/v2\/users\/8"}],"replies":[{"embeddable":true,"href":"https:\/\/diariodevurgos.com\/dvwps\/wp-json\/wp\/v2\/comments?post=13533"}],"version-history":[{"count":9,"href":"https:\/\/diariodevurgos.com\/dvwps\/wp-json\/wp\/v2\/posts\/13533\/revisions"}],"predecessor-version":[{"id":13539,"href":"https:\/\/diariodevurgos.com\/dvwps\/wp-json\/wp\/v2\/posts\/13533\/revisions\/13539"}],"wp:attachment":[{"href":"https:\/\/diariodevurgos.com\/dvwps\/wp-json\/wp\/v2\/media?parent=13533"}],"wp:term":[{"taxonomy":"category","embeddable":true,"href":"https:\/\/diariodevurgos.com\/dvwps\/wp-json\/wp\/v2\/categories?post=13533"},{"taxonomy":"post_tag","embeddable":true,"href":"https:\/\/diariodevurgos.com\/dvwps\/wp-json\/wp\/v2\/tags?post=13533"}],"curies":[{"name":"wp","href":"https:\/\/api.w.org\/{rel}","templated":true}]}}