{"id":13547,"date":"2014-10-09T06:56:20","date_gmt":"2014-10-09T05:56:20","guid":{"rendered":"http:\/\/diariodevurgos.com\/dvwps\/?p=13547"},"modified":"2014-10-09T06:57:23","modified_gmt":"2014-10-09T05:57:23","slug":"felix-padin-un-hombre-imprescindible-para-la-libertad","status":"publish","type":"post","link":"https:\/\/diariodevurgos.com\/dvwps\/felix-padin-un-hombre-imprescindible-para-la-libertad.php","title":{"rendered":"F\u00e9lix Pad\u00ed\u00adn: un hombre imprescindible para la libertad"},"content":{"rendered":"<p class=\"lead\">Ayer mi\u00e9rcoles, 8 de octubre de 2014,\u00a0 compa\u00f1eros. familiares y amigos de <a href=\"http:\/\/ondaexpansiva.net\/?p=65\">F\u00e9lix Pad\u00ed\u00adn<\/a> se dieron cita en Miranda de Ebro para despedir a un militante libertario que tras casi un siglo de lucha, nos ha dejado.\u00a0 Un hombre imprescindible que luch\u00f3 durante toda su vida y que tuvo que enfrentarse a todos los r\u00e9gimenes por los que ha transcurrido la Historia reciente de nuestro pa\u00ed\u00ads, superando incluso los horrores de verse recluido en el tristemente c\u00e9lebre campo de concentraci\u00f3n de Miranda de Ebro.<\/p>\n<p style=\"text-align: center;\"><img loading=\"lazy\" class=\"aligncenter size-full wp-image-13548\" title=\"F\u00e9lix Pad\u00ed\u00adn\" src=\"http:\/\/diariodevurgos.com\/dvwps\/wp-content\/uploads\/2014\/10\/F\u00e9lix-Pad\u00ed\u00adn.jpg\" alt=\"F\u00e9lix Pad\u00ed\u00adn\" width=\"363\" height=\"189\" \/><\/p>\n<p style=\"text-align: left;\">Un hombre imprescindible para sus compa\u00f1eros, sus amigos y su familia,  pero sin duda, un ser humano hecho de una pasta especial cuya memoria es  imprescindible para todo aquel que entienda el verdadero significado de  la palabra libertad. Publicamos desde<strong> DV<\/strong> el comunicado le\u00ed\u00addo ayer por la CNT de Miranda de Ebro en el homenaje realizado al compa\u00f1ero F\u00e9lix Pad\u00ed\u00adn.<\/p>\n<p style=\"text-align: center;\"><!--more--><\/p>\n<p>Bertolt Brecht dec\u00ed\u00ada que hay personas que luchan un d\u00ed\u00ada y son buenas, otras que luchan a\u00f1os y son a\u00fan mejores, y luego est\u00e1n los que luchan toda una vida: esos son los imprescindibles.<\/p>\n<p>Ayer se fue un imprescindible. Porque F\u00e9lix Pad\u00ed\u00acn era imprescindible para su familia. Imprescindible para el sindicato de la CNT y sobre todo imprescindible para todo aquel que entienda el verdadero significado de la palabra libertad.<\/p>\n<p>Se fue como vivi\u00f3, con entereza y dignidad, dos valores que rebosaba y que nos deja como ejemplo. Su vida, hasta sus \u00faltimos d\u00ed\u00adas ha sido un testimonio de la historia de Espa\u00f1a, de la historia de la CNT, y por tanto, de la clase trabajadora.<\/p>\n<p>La injusticia, esa enemiga a la que combati\u00f3 sin descanso durante 98 a\u00f1os, no tard\u00f3 en hacerle hervir la sangre. Con 14 a\u00f1os no dudo en afiliarse al sindicato. Tampoco dudo en organizarse en ateneos o en participar activamente en las huelgas obreras. Pero por encima de todo, no dudo cuando hubo que combatir con las armas en la mano al fascismo, anteponiendo el ideal colectivo a su propia vida.<\/p>\n<p>Los que sembraron esta tierra de barbarie le hicieron pagar cara su coherencia y compromiso pero ni siquiera los a\u00f1os que pas\u00f3 en el campo de concentraci\u00f3n pudieron apagar la llama revolucionaria que latia en su coraz\u00f3n. Le torturaron, paso hambre, frio y enfermedad. Sufri\u00f3 en carne propia hasta qu\u00e9 punto puede llegar la crueldad de la sinraz\u00f3n humana. Pero nunca se dobleg\u00f3, siempre firme, siempre en pie.<\/p>\n<p>Porque F\u00e9lix, t\u00fa ten\u00ed\u00adas algo que ellos nunca podr\u00e1n tener: dignidad, y tu amor por la vida fue m\u00e1s fuerte que el odio que te profesaban los asesinos. Siempre recordabas lo vivido en aquellos d\u00ed\u00adas grises con una frase: &#8220;Nos vencieron, pero no nos convencieron&#8221;\u009d. Y los que te conocimos, nunca olvidaremos estas palabras porque demostraste d\u00ed\u00ada tras d\u00ed\u00ada que eran ciertas.<\/p>\n<p>Durante d\u00e9cadas, en clandestinidad y muchas veces en solitario, pusiste todo tu empe\u00f1o en reconstruir lo que quedaba de la CNT y arrimaste el hombro cuando cualquier compa\u00f1ero, sin importar siglas, necesitaba una mano. De esas manos de verdad, de las que solo prestan en momentos dif\u00ed\u00adciles los COMPA\u00d1EROS con may\u00fasculas. Y F\u00e9lix Padin, era eso: un compa\u00f1ero con may\u00fasculas.<\/p>\n<p>La tierra te neg\u00f3 la justicia por la que luchaste hasta la extenuaci\u00f3n, pero la historia es tenaz, como eras tu, y llegara ese dia en el que todos los h\u00e9roes an\u00f3nimos teng\u00e1is el lugar que merec\u00e9is en el pedestal del pueblo.<\/p>\n<p>Podr\u00ed\u00adamos hablar mucho sobre tu figura, pero las palabras se quedar\u00ed\u00adan cortas. Militante incombustible, seguir\u00e1s siempre con nosotros en esa CNT a la que diste tu vida y que dio sentido a la tuya. Tu cuerpo nos ha dejado, pero tu ejemplo ser\u00e1 ya siempre eterno y nos ayudara a continuar avanzando en este arduo camino hacia el final de la explotaci\u00f3n del hombre por el hombre, aunque tu herencia ser\u00e1 dif\u00ed\u00adcil de igualar.<\/p>\n<p>Como tu humildad siempre te hizo sentirte incomodo ante los elogios y los muchos homenajes recibidos, hoy desde aqu\u00ed\u00ad queremos decirte, que pese a que a partir de ahora ser\u00e1 m\u00e1s dif\u00ed\u00adcil porque dejas un hueco enorme en nuestros corazones, intentaremos rendirte el \u00fanico homenaje que tu quer\u00ed\u00adas: seguir luchando.<\/p>\n<p>Amigo, compa\u00f1ero, padre,&#8230; volveremos a vernos y all\u00ed\u00ad estar\u00e1s como siempre, preparado para otra revoluci\u00f3n!!!<\/p>\n","protected":false},"excerpt":{"rendered":"<p>Ayer mi\u00e9rcoles, 8 de octubre de 2014,\u00a0 compa\u00f1eros. familiares y amigos de F\u00e9lix Pad\u00ed\u00adn se dieron cita en Miranda de Ebro para despedir a un militante libertario que tras casi un siglo de lucha, nos ha dejado.\u00a0 Un hombre imprescindible que luch\u00f3 durante toda su vida y que tuvo que enfrentarse a todos los r\u00e9gimenes&#8230;  <a href=\"https:\/\/diariodevurgos.com\/dvwps\/felix-padin-un-hombre-imprescindible-para-la-libertad.php\" class=\"more-link\" title=\"Read F\u00e9lix Pad\u00ed\u00adn: un hombre imprescindible para la libertad\">Read more &raquo;<\/a><\/p>\n","protected":false},"author":2,"featured_media":0,"comment_status":"open","ping_status":"closed","sticky":false,"template":"","format":"standard","meta":[],"categories":[2,49,71,76],"tags":[],"_links":{"self":[{"href":"https:\/\/diariodevurgos.com\/dvwps\/wp-json\/wp\/v2\/posts\/13547"}],"collection":[{"href":"https:\/\/diariodevurgos.com\/dvwps\/wp-json\/wp\/v2\/posts"}],"about":[{"href":"https:\/\/diariodevurgos.com\/dvwps\/wp-json\/wp\/v2\/types\/post"}],"author":[{"embeddable":true,"href":"https:\/\/diariodevurgos.com\/dvwps\/wp-json\/wp\/v2\/users\/2"}],"replies":[{"embeddable":true,"href":"https:\/\/diariodevurgos.com\/dvwps\/wp-json\/wp\/v2\/comments?post=13547"}],"version-history":[{"count":3,"href":"https:\/\/diariodevurgos.com\/dvwps\/wp-json\/wp\/v2\/posts\/13547\/revisions"}],"predecessor-version":[{"id":13551,"href":"https:\/\/diariodevurgos.com\/dvwps\/wp-json\/wp\/v2\/posts\/13547\/revisions\/13551"}],"wp:attachment":[{"href":"https:\/\/diariodevurgos.com\/dvwps\/wp-json\/wp\/v2\/media?parent=13547"}],"wp:term":[{"taxonomy":"category","embeddable":true,"href":"https:\/\/diariodevurgos.com\/dvwps\/wp-json\/wp\/v2\/categories?post=13547"},{"taxonomy":"post_tag","embeddable":true,"href":"https:\/\/diariodevurgos.com\/dvwps\/wp-json\/wp\/v2\/tags?post=13547"}],"curies":[{"name":"wp","href":"https:\/\/api.w.org\/{rel}","templated":true}]}}