{"id":13607,"date":"2014-10-20T15:03:32","date_gmt":"2014-10-20T14:03:32","guid":{"rendered":"http:\/\/diariodevurgos.com\/dvwps\/?p=13607"},"modified":"2014-10-20T15:03:32","modified_gmt":"2014-10-20T14:03:32","slug":"concentracion-ante-el-inicio-de-la-obra-de-la-plaza-de-toros-nonostoreeis","status":"publish","type":"post","link":"https:\/\/diariodevurgos.com\/dvwps\/concentracion-ante-el-inicio-de-la-obra-de-la-plaza-de-toros-nonostoreeis.php","title":{"rendered":"Concentraci\u00f3n ante el inicio de la obra de la plaza de toros. #nonostoreeis"},"content":{"rendered":"<p style=\"margin-bottom: 0cm\" class=\"lead\"><a href=\"http:\/\/diariodevurgos.com\/dvwps\/wp-content\/uploads\/2014\/10\/plaza-de-toros.jpg\"><img loading=\"lazy\" class=\"alignleft size-medium wp-image-13608\" title=\"plaza de toros\" src=\"http:\/\/diariodevurgos.com\/dvwps\/wp-content\/uploads\/2014\/10\/plaza-de-toros-300x156.jpg\" alt=\"plaza de toros\" width=\"269\" height=\"139\" srcset=\"https:\/\/diariodevurgos.com\/dvwps\/wp-content\/uploads\/2014\/10\/plaza-de-toros-300x156.jpg 300w, https:\/\/diariodevurgos.com\/dvwps\/wp-content\/uploads\/2014\/10\/plaza-de-toros-1023x533.jpg 1023w, https:\/\/diariodevurgos.com\/dvwps\/wp-content\/uploads\/2014\/10\/plaza-de-toros.jpg 2045w\" sizes=\"(max-width: 269px) 100vw, 269px\" \/><\/a>Desde las 8 de la ma\u00f1ana de este lunes han comenzado las obras de remodelaci\u00f3n de la plaza de toros de Burgos, <a href=\"http:\/\/diariodevurgos.com\/dvwps\/burgos-dijo-no-a-la-especulacion-urbanistica.php\" target=\"_blank\">pese a las numerosas muestras de rechazo producidas por la pol\u00e9mica obra<\/a>, tanto en su ejecuci\u00f3n como en su adjudicaci\u00f3n, desde el consistorio  han hecho o\u00ed\u00addos sordos .<\/p>\n<p style=\"margin-bottom: 0cm\">Las maquinas han ido entrando al coso escoltadas por un dispositivo policial que permanece en las inmediaciones,mientras se est\u00e1n efectuando obras dentro y fuera de la plaza.<\/p>\n<p style=\"margin-bottom: 0cm\"><strong>Esta tarde a las 19 horas hay convocada una concentraci\u00f3n frente a la plaza,<\/strong> como en otras ocasiones  desde DV animamos a acudir a la convocatoria para poner freno a otra nueva obra especulativa , que busca el beneficio de unos pocos frente a los intereses reales de los burgaleses.<\/p>\n","protected":false},"excerpt":{"rendered":"<p>Desde las 8 de la ma\u00f1ana de este lunes han comenzado las obras de remodelaci\u00f3n de la plaza de toros de Burgos, pese a las numerosas muestras de rechazo producidas por la pol\u00e9mica obra, tanto en su ejecuci\u00f3n como en su adjudicaci\u00f3n, desde el consistorio han hecho o\u00ed\u00addos sordos . Las maquinas han ido entrando&#8230;  <a href=\"https:\/\/diariodevurgos.com\/dvwps\/concentracion-ante-el-inicio-de-la-obra-de-la-plaza-de-toros-nonostoreeis.php\" class=\"more-link\" title=\"Read Concentraci\u00f3n ante el inicio de la obra de la plaza de toros. #nonostoreeis\">Read more &raquo;<\/a><\/p>\n","protected":false},"author":8,"featured_media":0,"comment_status":"open","ping_status":"closed","sticky":false,"template":"","format":"standard","meta":[],"categories":[2,57,12],"tags":[],"_links":{"self":[{"href":"https:\/\/diariodevurgos.com\/dvwps\/wp-json\/wp\/v2\/posts\/13607"}],"collection":[{"href":"https:\/\/diariodevurgos.com\/dvwps\/wp-json\/wp\/v2\/posts"}],"about":[{"href":"https:\/\/diariodevurgos.com\/dvwps\/wp-json\/wp\/v2\/types\/post"}],"author":[{"embeddable":true,"href":"https:\/\/diariodevurgos.com\/dvwps\/wp-json\/wp\/v2\/users\/8"}],"replies":[{"embeddable":true,"href":"https:\/\/diariodevurgos.com\/dvwps\/wp-json\/wp\/v2\/comments?post=13607"}],"version-history":[{"count":8,"href":"https:\/\/diariodevurgos.com\/dvwps\/wp-json\/wp\/v2\/posts\/13607\/revisions"}],"predecessor-version":[{"id":13616,"href":"https:\/\/diariodevurgos.com\/dvwps\/wp-json\/wp\/v2\/posts\/13607\/revisions\/13616"}],"wp:attachment":[{"href":"https:\/\/diariodevurgos.com\/dvwps\/wp-json\/wp\/v2\/media?parent=13607"}],"wp:term":[{"taxonomy":"category","embeddable":true,"href":"https:\/\/diariodevurgos.com\/dvwps\/wp-json\/wp\/v2\/categories?post=13607"},{"taxonomy":"post_tag","embeddable":true,"href":"https:\/\/diariodevurgos.com\/dvwps\/wp-json\/wp\/v2\/tags?post=13607"}],"curies":[{"name":"wp","href":"https:\/\/api.w.org\/{rel}","templated":true}]}}