{"id":13733,"date":"2014-10-31T10:51:19","date_gmt":"2014-10-31T09:51:19","guid":{"rendered":"http:\/\/diariodevurgos.com\/dvwps\/?p=13733"},"modified":"2014-10-31T16:50:00","modified_gmt":"2014-10-31T15:50:00","slug":"comienza-la-paralizacion-de-las-obras-de-la-plaza-de-toros-de-burgos","status":"publish","type":"post","link":"https:\/\/diariodevurgos.com\/dvwps\/comienza-la-paralizacion-de-las-obras-de-la-plaza-de-toros-de-burgos.php","title":{"rendered":"Comienza la paralizaci\u00f3n de las obras de la Plaza de Toros de Burgos"},"content":{"rendered":"<p class=\"lead\">Desde diferentes<a href=\"http:\/\/gamonalniunpasoatras.wordpress.com\/2014\/10\/31\/acude-ya-a-la-plaza-de-toros-se-estan-parando-las-obras\/\"> medios y redes sociales<\/a> se est\u00e1 realizando un<strong> llamamiento para acudir a las inmediaciones de la\u00a0 Plaza de Toros de Burgos con el objetivo de paralizar las obras de esta nueva maniobra especulativa.<\/strong> Ante la negativa por parte del Ayuntamiento de Burgos y del empresario Antonio Miguel M\u00e9ndez Pozo de escuchar las demandas ciudadanas, desde primeras horas de esta ma\u00f1ana numerosas personas se est\u00e1n concentrando ante la Plaza de Toros en una movilizaci\u00f3n que pretende prolongarse durante toda la jornada de hoy viernes 31 de octubre.<\/p>\n<p style=\"text-align: center;\"><img loading=\"lazy\" class=\"aligncenter size-full wp-image-13734\" title=\"Paralizar las obrasjpg\" src=\"http:\/\/diariodevurgos.com\/dvwps\/wp-content\/uploads\/2014\/10\/Paralizar-las-obrasjpg.jpg\" alt=\"Paralizar las obrasjpg\" width=\"390\" height=\"292\" srcset=\"https:\/\/diariodevurgos.com\/dvwps\/wp-content\/uploads\/2014\/10\/Paralizar-las-obrasjpg.jpg 640w, https:\/\/diariodevurgos.com\/dvwps\/wp-content\/uploads\/2014\/10\/Paralizar-las-obrasjpg-300x225.jpg 300w\" sizes=\"(max-width: 390px) 100vw, 390px\" \/><\/p>\n<p>Para comprender el rechazo social que ha generado este proyecto urban\u00ed\u00adstico desde <strong>DV<\/strong> recomendamos <a href=\"http:\/\/ondaexpansiva.net\/?p=1805\">la reciente entrevista que<strong> <\/strong>Radio Onda Expansiva ha realizado a un vecino de Burgos<\/a> donde se analiza el origen de la especulaci\u00f3n urban\u00ed\u00adstica en la ciudad y las claves de este en\u00e9simo conflicto que vuelve a reproducir los elementos que generaron el estallido vivido en Gamonal hace ya m\u00e1s de medio a\u00f1o.<\/p>\n<p><strong>ACTUALIZADO<\/strong>: Durante la concentracci\u00f3n de esta ma\u00f1ana se han vivido momentos de tensi\u00f3n frente al importante despliegue policial que se ha puesto en marcha con el objetivo de amedrentar a los manifestantes. Desde la <strong>Asamblea contra la Especulaci\u00f3n<\/strong> se hace un nuevo llamamiento para detener este nuevo atropello de las mafias del ladrillo y se hace un llamamiento para acudir de nuevo esta tarde con un objetivo marcado: <strong>detener las obras de la Plaza de Toros y poner fin al proceso especulativo.<\/strong><\/p>\n","protected":false},"excerpt":{"rendered":"<p>Desde diferentes medios y redes sociales se est\u00e1 realizando un llamamiento para acudir a las inmediaciones de la\u00a0 Plaza de Toros de Burgos con el objetivo de paralizar las obras de esta nueva maniobra especulativa. Ante la negativa por parte del Ayuntamiento de Burgos y del empresario Antonio Miguel M\u00e9ndez Pozo de escuchar las demandas&#8230;  <a href=\"https:\/\/diariodevurgos.com\/dvwps\/comienza-la-paralizacion-de-las-obras-de-la-plaza-de-toros-de-burgos.php\" class=\"more-link\" title=\"Read Comienza la paralizaci\u00f3n de las obras de la Plaza de Toros de Burgos\">Read more &raquo;<\/a><\/p>\n","protected":false},"author":2,"featured_media":0,"comment_status":"open","ping_status":"closed","sticky":false,"template":"","format":"standard","meta":[],"categories":[2,57,12,49,81],"tags":[],"_links":{"self":[{"href":"https:\/\/diariodevurgos.com\/dvwps\/wp-json\/wp\/v2\/posts\/13733"}],"collection":[{"href":"https:\/\/diariodevurgos.com\/dvwps\/wp-json\/wp\/v2\/posts"}],"about":[{"href":"https:\/\/diariodevurgos.com\/dvwps\/wp-json\/wp\/v2\/types\/post"}],"author":[{"embeddable":true,"href":"https:\/\/diariodevurgos.com\/dvwps\/wp-json\/wp\/v2\/users\/2"}],"replies":[{"embeddable":true,"href":"https:\/\/diariodevurgos.com\/dvwps\/wp-json\/wp\/v2\/comments?post=13733"}],"version-history":[{"count":6,"href":"https:\/\/diariodevurgos.com\/dvwps\/wp-json\/wp\/v2\/posts\/13733\/revisions"}],"predecessor-version":[{"id":13736,"href":"https:\/\/diariodevurgos.com\/dvwps\/wp-json\/wp\/v2\/posts\/13733\/revisions\/13736"}],"wp:attachment":[{"href":"https:\/\/diariodevurgos.com\/dvwps\/wp-json\/wp\/v2\/media?parent=13733"}],"wp:term":[{"taxonomy":"category","embeddable":true,"href":"https:\/\/diariodevurgos.com\/dvwps\/wp-json\/wp\/v2\/categories?post=13733"},{"taxonomy":"post_tag","embeddable":true,"href":"https:\/\/diariodevurgos.com\/dvwps\/wp-json\/wp\/v2\/tags?post=13733"}],"curies":[{"name":"wp","href":"https:\/\/api.w.org\/{rel}","templated":true}]}}