{"id":13766,"date":"2014-11-07T02:11:59","date_gmt":"2014-11-07T01:11:59","guid":{"rendered":"http:\/\/diariodevurgos.com\/dvwps\/?p=13766"},"modified":"2014-11-08T03:15:27","modified_gmt":"2014-11-08T02:15:27","slug":"la-especulacion-urbanistica-vuelve-a-convertir-las-calles-de-burgos-en-un-campo-de-batalla-%c2%bfquien-es-el-responsable-de-los-nuevos-disturbios-registrados-en-gamonal","status":"publish","type":"post","link":"https:\/\/diariodevurgos.com\/dvwps\/la-especulacion-urbanistica-vuelve-a-convertir-las-calles-de-burgos-en-un-campo-de-batalla-%c2%bfquien-es-el-responsable-de-los-nuevos-disturbios-registrados-en-gamonal.php","title":{"rendered":"La especulaci\u00f3n urban\u00ed\u00adstica vuelve a convertir las calles de Burgos en un campo de batalla. \u00bfQui\u00e9n es el responsable de los nuevos disturbios registrados en Gamonal?"},"content":{"rendered":"<p class=\"lead\">Menos de un a\u00f1o despu\u00e9s de que el barrio de Gamonal fuese protagonista de uno de los conflictos sociales m\u00e1s intensos que se hayan registrado en la historia m\u00e1s reciente de nuestro pa\u00ed\u00ads, las calles del conocido barrio burgal\u00e9s han vuelto a ser testigo de nuevos enfrentamientos que vuelven a tener una vez m\u00e1s como trasfondo y causa \u00faltima la especulaci\u00f3n urban\u00ed\u00adstica.<\/p>\n<p style=\"text-align: center;\"><a href=\"http:\/\/diariodevurgos.com\/dvwps\/wp-content\/uploads\/2014\/11\/plaza-toros-6n.jpg\"><img loading=\"lazy\" class=\"size-medium wp-image-13774 aligncenter\" title=\"plaza toros 6n\" src=\"http:\/\/diariodevurgos.com\/dvwps\/wp-content\/uploads\/2014\/11\/plaza-toros-6n-300x224.jpg\" alt=\"plaza toros 6n\" width=\"320\" height=\"224\" \/><\/a><\/p>\n<p style=\"text-align: center;\">\n<p style=\"text-align: left;\">Desde hace meses la <a href=\"https:\/\/www.facebook.com\/acontralaespeculacion\">Asamblea contra la Especulaci\u00f3n<\/a> lleva realizando <a href=\"http:\/\/diariodevurgos.com\/dvwps\/comienza-la-paralizacion-de-las-obras-de-la-plaza-de-toros-de-burgos.php\">movilizaciones contra la remodelaci\u00f3n de la Plaza de Toros de Burgo<\/a>s en protesta contra lo que es percibido por un amplio porcentaje de la poblaci\u00f3n burgalesa como una nueva concesi\u00f3n a los poderes feudales que controlan desde la sombra los designios de la ciudad. Un conflicto que en las \u00faltimas semanas se ha visto recrudecido mediante el ninguneo sistem\u00e1tico por parte de las instituciones locales que han respondido con la militarizaci\u00f3n de las inmediaciones del coso burgal\u00e9s.<\/p>\n<p style=\"text-align: center;\"><img loading=\"lazy\" class=\"aligncenter size-full wp-image-13769\" title=\"IMG-20141106-WA0006\" src=\"http:\/\/diariodevurgos.com\/dvwps\/wp-content\/uploads\/2014\/11\/IMG-20141106-WA0006.jpg\" alt=\"IMG-20141106-WA0006\" width=\"388\" height=\"217\" srcset=\"https:\/\/diariodevurgos.com\/dvwps\/wp-content\/uploads\/2014\/11\/IMG-20141106-WA0006.jpg 1280w, https:\/\/diariodevurgos.com\/dvwps\/wp-content\/uploads\/2014\/11\/IMG-20141106-WA0006-300x168.jpg 300w, https:\/\/diariodevurgos.com\/dvwps\/wp-content\/uploads\/2014\/11\/IMG-20141106-WA0006-1024x575.jpg 1024w\" sizes=\"(max-width: 388px) 100vw, 388px\" \/><\/p>\n<p style=\"text-align: left;\">Si hay un responsable de los sucesos que ayer jueves se vivieron en Gamonal, si es necesario buscar un culpable del nuevo estallido que ha convertido nuevamente las calles de Burgos en un campo de batalla, este tiene sin duda nombre y apellidos: <strong>Antonio Miguel M\u00e9ndez Pozo<\/strong>.\u00a0 Responsabilidad de la que no quedan exentos ni toda su cohorte de vasallos pol\u00ed\u00adticos,\u00a0 ni todos sus\u00a0 plum\u00ed\u00adferos a sueldo de los intereses del cacique y de la especulaci\u00f3n urban\u00ed\u00adstica.<\/p>\n<p style=\"text-align: center;\">\n<p style=\"text-align: left;\">El ninguneo por parte de los responsables pol\u00ed\u00adticos del Ayuntamiento de Burgos hacia las protestas sociales, la constante manipulaci\u00f3n medi\u00e1tica a la que se ve sometida toda reivindicaci\u00f3n ciudadana por parte de la artiller\u00ed\u00ada pesada del Grupo Promecal si este atenta contra los intereses econ\u00f3micos de su propietario, Antonio Miguel M\u00e9ndez Pozo, en cuyo palmares consta ser el primer empresario condenado en Espa\u00f1a por corrupci\u00f3n urban\u00ed\u00adstica, y la militarizaci\u00f3n de la inmediaciones de la Plaza de Toros con la llegada de numerosos efectivos de antidisturbios, no dejaba de presagiar los acontecimientos que han provocado una vez m\u00e1s que las calles de Burgos se hayan convertido en el escenario de una nueva batalla.<\/p>\n<p style=\"text-align: left;\">[youtube]msVntoPH-b8[\/youtube]<\/p>\n<p style=\"text-align: left;\">La protesta social contra la especulaci\u00f3n contin\u00faa con nuevas movilizaciones hasta conseguir el objetivo: <strong>paralizar las obras de la Plaza de Toros y detener la especulaci\u00f3n urban\u00ed\u00adstica.<\/strong><\/p>\n<p style=\"text-align: left;\"><strong>ACTUALIZACI\u00ed\u201cN: Desde la asamblea contra la especulaci\u00f3n se convoca para hoy<a href=\"https:\/\/gamonalniunpasoatras.files.wordpress.com\/2014\/11\/10009763_596754007118899_856909975043269212_n.jpg\"> viernes a las 20.00 horas en la Plaza del Cid<\/a><br \/>\n<\/strong><\/p>\n","protected":false},"excerpt":{"rendered":"<p>Menos de un a\u00f1o despu\u00e9s de que el barrio de Gamonal fuese protagonista de uno de los conflictos sociales m\u00e1s intensos que se hayan registrado en la historia m\u00e1s reciente de nuestro pa\u00ed\u00ads, las calles del conocido barrio burgal\u00e9s han vuelto a ser testigo de nuevos enfrentamientos que vuelven a tener una vez m\u00e1s como&#8230;  <a href=\"https:\/\/diariodevurgos.com\/dvwps\/la-especulacion-urbanistica-vuelve-a-convertir-las-calles-de-burgos-en-un-campo-de-batalla-%c2%bfquien-es-el-responsable-de-los-nuevos-disturbios-registrados-en-gamonal.php\" class=\"more-link\" title=\"Read La especulaci\u00f3n urban\u00ed\u00adstica vuelve a convertir las calles de Burgos en un campo de batalla. \u00bfQui\u00e9n es el responsable de los nuevos disturbios registrados en Gamonal?\">Read more &raquo;<\/a><\/p>\n","protected":false},"author":2,"featured_media":0,"comment_status":"open","ping_status":"closed","sticky":false,"template":"","format":"standard","meta":[],"categories":[2,64,27,49,81,15],"tags":[],"_links":{"self":[{"href":"https:\/\/diariodevurgos.com\/dvwps\/wp-json\/wp\/v2\/posts\/13766"}],"collection":[{"href":"https:\/\/diariodevurgos.com\/dvwps\/wp-json\/wp\/v2\/posts"}],"about":[{"href":"https:\/\/diariodevurgos.com\/dvwps\/wp-json\/wp\/v2\/types\/post"}],"author":[{"embeddable":true,"href":"https:\/\/diariodevurgos.com\/dvwps\/wp-json\/wp\/v2\/users\/2"}],"replies":[{"embeddable":true,"href":"https:\/\/diariodevurgos.com\/dvwps\/wp-json\/wp\/v2\/comments?post=13766"}],"version-history":[{"count":9,"href":"https:\/\/diariodevurgos.com\/dvwps\/wp-json\/wp\/v2\/posts\/13766\/revisions"}],"predecessor-version":[{"id":13804,"href":"https:\/\/diariodevurgos.com\/dvwps\/wp-json\/wp\/v2\/posts\/13766\/revisions\/13804"}],"wp:attachment":[{"href":"https:\/\/diariodevurgos.com\/dvwps\/wp-json\/wp\/v2\/media?parent=13766"}],"wp:term":[{"taxonomy":"category","embeddable":true,"href":"https:\/\/diariodevurgos.com\/dvwps\/wp-json\/wp\/v2\/categories?post=13766"},{"taxonomy":"post_tag","embeddable":true,"href":"https:\/\/diariodevurgos.com\/dvwps\/wp-json\/wp\/v2\/tags?post=13766"}],"curies":[{"name":"wp","href":"https:\/\/api.w.org\/{rel}","templated":true}]}}