{"id":13779,"date":"2014-11-08T02:20:51","date_gmt":"2014-11-08T01:20:51","guid":{"rendered":"http:\/\/diariodevurgos.com\/dvwps\/?p=13779"},"modified":"2014-11-08T02:55:11","modified_gmt":"2014-11-08T01:55:11","slug":"segunda-noche-consecutiva-de-disturbios-en-burgos-la-lucha-sigue","status":"publish","type":"post","link":"https:\/\/diariodevurgos.com\/dvwps\/segunda-noche-consecutiva-de-disturbios-en-burgos-la-lucha-sigue.php","title":{"rendered":"La lucha contin\u00faa en la segunda noche consecutiva de disturbios en Burgos"},"content":{"rendered":"<p class=\"lead\">Por segunda noche consecutiva la calle vitoria ha estado cortada durante varias horas por una manifestaci\u00f3n que alrededor de las 21 horas part\u00ed\u00ada del paseo de la evoluci\u00f3n humana. Previamente se hab\u00ed\u00ada realizado una asamblea , decidiendo proseguir con las movilizaciones hasta la paralizaci\u00f3n definitiva de las obras de remodelaci\u00f3n de la plaza de toros.<\/p>\n<p style=\"text-align: center;\"><img loading=\"lazy\" class=\"aligncenter size-full wp-image-13785\" title=\"7n\" src=\"http:\/\/diariodevurgos.com\/dvwps\/wp-content\/uploads\/2014\/11\/7n.JPG\" alt=\"7n\" width=\"351\" height=\"263\" srcset=\"https:\/\/diariodevurgos.com\/dvwps\/wp-content\/uploads\/2014\/11\/7n.JPG 3488w, https:\/\/diariodevurgos.com\/dvwps\/wp-content\/uploads\/2014\/11\/7n-300x225.jpg 300w, https:\/\/diariodevurgos.com\/dvwps\/wp-content\/uploads\/2014\/11\/7n-1024x768.jpg 1024w\" sizes=\"(max-width: 351px) 100vw, 351px\" \/><\/p>\n<p style=\"margin-bottom: 0cm;\">\n<p style=\"margin-bottom: 0cm;\">Vecinos y vecinas de Burgos han vuelto a  tomar las calles para manifestar su rechazo ante un proyecto especulativo sin ning\u00fan inter\u00e9s m\u00e1s all\u00e1 del beneficio de las empresas constructoras.<\/p>\n<p style=\"margin-bottom: 0cm;\">\n<p style=\"margin-bottom: 0cm;\">Durante el transcurso de la manifestaci\u00f3n, ante un despliegue policial todav\u00ed\u00ada m\u00e1s amplio que en d\u00ed\u00adas anteriores, las calles han vuelto a presenciar una batalla campal, con intercambio de piedras ,pelotazos de goma ,porrazos y contenedores a modo de barricadas. En una ciudad militarizada por los antidisturbios la protesta ciudadana aumenta ante lo que ya traspasa una simple movilizaci\u00f3n por la paralizaci\u00f3n de unas obras para convertirse en muestra del hartazgo popular generalizado.<\/p>\n\n\t\t<style type=\"text\/css\">\n\t\t\t#gallery-1 {\n\t\t\t\tmargin: auto;\n\t\t\t}\n\t\t\t#gallery-1 .gallery-item {\n\t\t\t\tfloat: left;\n\t\t\t\tmargin-top: 10px;\n\t\t\t\ttext-align: center;\n\t\t\t\twidth: 33%;\n\t\t\t}\n\t\t\t#gallery-1 img {\n\t\t\t\tborder: 2px solid #cfcfcf;\n\t\t\t}\n\t\t\t#gallery-1 .gallery-caption {\n\t\t\t\tmargin-left: 0;\n\t\t\t}\n\t\t\t\/* see gallery_shortcode() in wp-includes\/media.php *\/\n\t\t<\/style>\n\t\t<div id='gallery-1' class='gallery galleryid-13779 gallery-columns-3 gallery-size-thumbnail'><dl class='gallery-item'>\n\t\t\t<dt class='gallery-icon landscape'>\n\t\t\t\t<a class=\"thumbnail\" href='https:\/\/diariodevurgos.com\/dvwps\/wp-content\/uploads\/2014\/11\/7n2.jpg'><img width=\"150\" height=\"150\" src=\"https:\/\/diariodevurgos.com\/dvwps\/wp-content\/uploads\/2014\/11\/7n2-150x150.jpg\" class=\"attachment-thumbnail size-thumbnail\" alt=\"\" loading=\"lazy\" \/><\/a>\n\t\t\t<\/dt><\/dl><dl class='gallery-item'>\n\t\t\t<dt class='gallery-icon landscape'>\n\t\t\t\t<a class=\"thumbnail\" href='https:\/\/diariodevurgos.com\/dvwps\/wp-content\/uploads\/2014\/11\/7n1.jpg'><img width=\"150\" height=\"150\" src=\"https:\/\/diariodevurgos.com\/dvwps\/wp-content\/uploads\/2014\/11\/7n1-150x150.jpg\" class=\"attachment-thumbnail size-thumbnail\" alt=\"\" loading=\"lazy\" \/><\/a>\n\t\t\t<\/dt><\/dl><dl class='gallery-item'>\n\t\t\t<dt class='gallery-icon landscape'>\n\t\t\t\t<a class=\"thumbnail\" href='https:\/\/diariodevurgos.com\/dvwps\/wp-content\/uploads\/2014\/11\/7n.JPG'><img width=\"150\" height=\"150\" src=\"https:\/\/diariodevurgos.com\/dvwps\/wp-content\/uploads\/2014\/11\/7n-150x150.jpg\" class=\"attachment-thumbnail size-thumbnail\" alt=\"\" loading=\"lazy\" \/><\/a>\n\t\t\t<\/dt><\/dl><br style=\"clear: both\" \/><dl class='gallery-item'>\n\t\t\t<dt class='gallery-icon landscape'>\n\t\t\t\t<a class=\"thumbnail\" href='https:\/\/diariodevurgos.com\/dvwps\/wp-content\/uploads\/2014\/11\/DSCF1076.JPG'><img width=\"150\" height=\"150\" src=\"https:\/\/diariodevurgos.com\/dvwps\/wp-content\/uploads\/2014\/11\/DSCF1076-150x150.jpg\" class=\"attachment-thumbnail size-thumbnail\" alt=\"\" loading=\"lazy\" \/><\/a>\n\t\t\t<\/dt><\/dl><dl class='gallery-item'>\n\t\t\t<dt class='gallery-icon landscape'>\n\t\t\t\t<a class=\"thumbnail\" href='https:\/\/diariodevurgos.com\/dvwps\/wp-content\/uploads\/2014\/11\/DSCF1089.JPG'><img width=\"150\" height=\"150\" src=\"https:\/\/diariodevurgos.com\/dvwps\/wp-content\/uploads\/2014\/11\/DSCF1089-150x150.jpg\" class=\"attachment-thumbnail size-thumbnail\" alt=\"\" loading=\"lazy\" \/><\/a>\n\t\t\t<\/dt><\/dl>\n\t\t\t<br style='clear: both' \/>\n\t\t<\/div>\n\n<p style=\"margin-bottom: 0cm;\">\n","protected":false},"excerpt":{"rendered":"<p>Por segunda noche consecutiva la calle vitoria ha estado cortada durante varias horas por una manifestaci\u00f3n que alrededor de las 21 horas part\u00ed\u00ada del paseo de la evoluci\u00f3n humana. Previamente se hab\u00ed\u00ada realizado una asamblea , decidiendo proseguir con las movilizaciones hasta la paralizaci\u00f3n definitiva de las obras de remodelaci\u00f3n de la plaza de toros&#8230;.  <a href=\"https:\/\/diariodevurgos.com\/dvwps\/segunda-noche-consecutiva-de-disturbios-en-burgos-la-lucha-sigue.php\" class=\"more-link\" title=\"Read La lucha contin\u00faa en la segunda noche consecutiva de disturbios en Burgos\">Read more &raquo;<\/a><\/p>\n","protected":false},"author":8,"featured_media":0,"comment_status":"open","ping_status":"closed","sticky":false,"template":"","format":"standard","meta":[],"categories":[2,64,12,27,49,81],"tags":[],"_links":{"self":[{"href":"https:\/\/diariodevurgos.com\/dvwps\/wp-json\/wp\/v2\/posts\/13779"}],"collection":[{"href":"https:\/\/diariodevurgos.com\/dvwps\/wp-json\/wp\/v2\/posts"}],"about":[{"href":"https:\/\/diariodevurgos.com\/dvwps\/wp-json\/wp\/v2\/types\/post"}],"author":[{"embeddable":true,"href":"https:\/\/diariodevurgos.com\/dvwps\/wp-json\/wp\/v2\/users\/8"}],"replies":[{"embeddable":true,"href":"https:\/\/diariodevurgos.com\/dvwps\/wp-json\/wp\/v2\/comments?post=13779"}],"version-history":[{"count":12,"href":"https:\/\/diariodevurgos.com\/dvwps\/wp-json\/wp\/v2\/posts\/13779\/revisions"}],"predecessor-version":[{"id":13781,"href":"https:\/\/diariodevurgos.com\/dvwps\/wp-json\/wp\/v2\/posts\/13779\/revisions\/13781"}],"wp:attachment":[{"href":"https:\/\/diariodevurgos.com\/dvwps\/wp-json\/wp\/v2\/media?parent=13779"}],"wp:term":[{"taxonomy":"category","embeddable":true,"href":"https:\/\/diariodevurgos.com\/dvwps\/wp-json\/wp\/v2\/categories?post=13779"},{"taxonomy":"post_tag","embeddable":true,"href":"https:\/\/diariodevurgos.com\/dvwps\/wp-json\/wp\/v2\/tags?post=13779"}],"curies":[{"name":"wp","href":"https:\/\/api.w.org\/{rel}","templated":true}]}}