{"id":13797,"date":"2014-11-08T11:58:41","date_gmt":"2014-11-08T10:58:41","guid":{"rendered":"http:\/\/diariodevurgos.com\/dvwps\/?p=13797"},"modified":"2014-11-08T03:23:50","modified_gmt":"2014-11-08T02:23:50","slug":"enero-se-repite-en-noviembre","status":"publish","type":"post","link":"https:\/\/diariodevurgos.com\/dvwps\/enero-se-repite-en-noviembre.php","title":{"rendered":"Enero se repite en noviembre"},"content":{"rendered":"<p class=\"lead\">No ha tenido que pasar una d\u00e9cada, como en la ocasi\u00f3n anterior, ni tan siquiera un a\u00f1o desde el \u00faltimo estallido social para que las calles de Gamonal hayan sido testigo de intensos enfrentamientos entre vecinos y fuerzas policiales ante un nuevo conflicto producido por la especulaci\u00f3n urban\u00ed\u00adstica. Enero se est\u00e1 repitiendo en noviembre como el <em>remake<\/em> conflicto anunciado que ha sido alimentado por los poderes f\u00e1cticos de la ciudad.<\/p>\n<p style=\"text-align: center;\"><img loading=\"lazy\" class=\"aligncenter size-full wp-image-13798\" title=\"B14OKyECUAAwjZC\" src=\"http:\/\/diariodevurgos.com\/dvwps\/wp-content\/uploads\/2014\/11\/B14OKyECUAAwjZC.jpg\" alt=\"B14OKyECUAAwjZC\" width=\"391\" height=\"257\" srcset=\"https:\/\/diariodevurgos.com\/dvwps\/wp-content\/uploads\/2014\/11\/B14OKyECUAAwjZC.jpg 599w, https:\/\/diariodevurgos.com\/dvwps\/wp-content\/uploads\/2014\/11\/B14OKyECUAAwjZC-300x197.jpg 300w\" sizes=\"(max-width: 391px) 100vw, 391px\" \/><\/p>\n<p style=\"text-align: left;\">Tras <a href=\"http:\/\/diariodevurgos.com\/dvwps\/la-especulacion-urbanistica-vuelve-a-convertir-las-calles-de-burgos-en-un-campo-de-batalla-%C2%BFquien-es-el-responsable-de-los-nuevos-disturbios-registrados-en-gamonal.php\">los acontecimientos del jueves 6 de noviembre<\/a> en los que tras la finalizaci\u00f3n de la manifestaci\u00f3n contra la remodelaci\u00f3n de la Plaza de Toros de Burgos<a href=\"http:\/\/www.larepublica.es\/2014\/11\/el-manotazo-de-un-antidisturbios-a-un-manifestante-supuesto-desencadenante-de-los-disturbios-en-gamonal\/\"> una agresi\u00f3n policial dio paso a una serie de disturbios que volvieron a tomar la calle Vitoria como escenario de batalla<\/a>, durante la noche del<a href=\"http:\/\/diariodevurgos.com\/dvwps\/segunda-noche-consecutiva-de-disturbios-en-burgos-la-lucha-sigue.php\"> viernes 7 de noviembre<\/a> los enfrentamientos y las duras cargas policiales se han vuelto adue\u00f1ar del barrio de Gamonal.<\/p>\n<p style=\"text-align: center;\"><img loading=\"lazy\" class=\"aligncenter size-full wp-image-13799\" title=\"B14PFPKCEAACewd\" src=\"http:\/\/diariodevurgos.com\/dvwps\/wp-content\/uploads\/2014\/11\/B14PFPKCEAACewd.jpg\" alt=\"B14PFPKCEAACewd\" width=\"388\" height=\"328\" srcset=\"https:\/\/diariodevurgos.com\/dvwps\/wp-content\/uploads\/2014\/11\/B14PFPKCEAACewd.jpg 598w, https:\/\/diariodevurgos.com\/dvwps\/wp-content\/uploads\/2014\/11\/B14PFPKCEAACewd-300x254.jpg 300w\" sizes=\"(max-width: 388px) 100vw, 388px\" \/><\/p>\n<p style=\"text-align: left;\">En medio de la corrupci\u00f3n pol\u00ed\u00adtico-econ\u00f3mica que durante los \u00faltimos d\u00ed\u00adas se ha visto aireada y<a href=\"http:\/\/www.radioarlanzon.com\/noticias\/local\/04\/11\/2014\/una-empresa-de-mendez-investigada-dentro-de-la-operacion-punica\/45417\/\"> cuyos tent\u00e1culos se extienden a las redes clientelares que controla el magnate de la construcci\u00f3n y los medios de comunicaci\u00f3n Antonio Miguel M\u00e9ndez Pozo<\/a>, vecinos de Burgos vuelven a plantar a los amos de la ciudad sufriendo en sus carnes la persecuci\u00f3n policial.<\/p>\n<p style=\"text-align: center;\"><img loading=\"lazy\" class=\"aligncenter size-full wp-image-13800\" title=\"B14Qu6NIMAAe1hg\" src=\"http:\/\/diariodevurgos.com\/dvwps\/wp-content\/uploads\/2014\/11\/B14Qu6NIMAAe1hg.jpg\" alt=\"B14Qu6NIMAAe1hg\" width=\"390\" height=\"323\" \/><\/p>\n<p style=\"text-align: center;\">Fotos: <a href=\"https:\/\/twitter.com\/_TomasFOTO\">Tom\u00e1s Alonso<\/a><\/p>\n<p style=\"text-align: left;\">Frente a la toma <em>manu militari <\/em>de las calles de Burgos, desde <strong>DV<\/strong> animamos a la poblaci\u00f3n a salir a la calle a expresar su hartazgo con los poderes caciquiles que desde d\u00e9cadas controlan la ciudad.<\/p>\n<p><strong>\u00a1\u00a1Tod@as a la calles a parar la especulaci\u00f3n urban\u00ed\u00adstica!!<\/strong><\/p>\n","protected":false},"excerpt":{"rendered":"<p>No ha tenido que pasar una d\u00e9cada, como en la ocasi\u00f3n anterior, ni tan siquiera un a\u00f1o desde el \u00faltimo estallido social para que las calles de Gamonal hayan sido testigo de intensos enfrentamientos entre vecinos y fuerzas policiales ante un nuevo conflicto producido por la especulaci\u00f3n urban\u00ed\u00adstica. Enero se est\u00e1 repitiendo en noviembre como&#8230;  <a href=\"https:\/\/diariodevurgos.com\/dvwps\/enero-se-repite-en-noviembre.php\" class=\"more-link\" title=\"Read Enero se repite en noviembre\">Read more &raquo;<\/a><\/p>\n","protected":false},"author":2,"featured_media":0,"comment_status":"open","ping_status":"closed","sticky":false,"template":"","format":"standard","meta":[],"categories":[2,12,49,81],"tags":[],"_links":{"self":[{"href":"https:\/\/diariodevurgos.com\/dvwps\/wp-json\/wp\/v2\/posts\/13797"}],"collection":[{"href":"https:\/\/diariodevurgos.com\/dvwps\/wp-json\/wp\/v2\/posts"}],"about":[{"href":"https:\/\/diariodevurgos.com\/dvwps\/wp-json\/wp\/v2\/types\/post"}],"author":[{"embeddable":true,"href":"https:\/\/diariodevurgos.com\/dvwps\/wp-json\/wp\/v2\/users\/2"}],"replies":[{"embeddable":true,"href":"https:\/\/diariodevurgos.com\/dvwps\/wp-json\/wp\/v2\/comments?post=13797"}],"version-history":[{"count":5,"href":"https:\/\/diariodevurgos.com\/dvwps\/wp-json\/wp\/v2\/posts\/13797\/revisions"}],"predecessor-version":[{"id":13802,"href":"https:\/\/diariodevurgos.com\/dvwps\/wp-json\/wp\/v2\/posts\/13797\/revisions\/13802"}],"wp:attachment":[{"href":"https:\/\/diariodevurgos.com\/dvwps\/wp-json\/wp\/v2\/media?parent=13797"}],"wp:term":[{"taxonomy":"category","embeddable":true,"href":"https:\/\/diariodevurgos.com\/dvwps\/wp-json\/wp\/v2\/categories?post=13797"},{"taxonomy":"post_tag","embeddable":true,"href":"https:\/\/diariodevurgos.com\/dvwps\/wp-json\/wp\/v2\/tags?post=13797"}],"curies":[{"name":"wp","href":"https:\/\/api.w.org\/{rel}","templated":true}]}}