{"id":13807,"date":"2014-11-08T11:08:39","date_gmt":"2014-11-08T10:08:39","guid":{"rendered":"http:\/\/diariodevurgos.com\/dvwps\/?p=13807"},"modified":"2014-11-08T13:20:22","modified_gmt":"2014-11-08T12:20:22","slug":"llamamiento-a-la-solidaridad-con-el-barrio-de-gamonal","status":"publish","type":"post","link":"https:\/\/diariodevurgos.com\/dvwps\/llamamiento-a-la-solidaridad-con-el-barrio-de-gamonal.php","title":{"rendered":"Llamamiento a la solidaridad con el barrio de Gamonal"},"content":{"rendered":"<p class=\"lead\">El barrio de Gamonal lleva dos d\u00ed\u00adas de disturbios consecutivos contra la construcci\u00f3n de un nuevo proyecto especulativo. El Ayuntamiento de Burgos ha vuelto a adjudicar una obra irregular al cacique, Miguel M\u00e9ndez Pozo, en compensaci\u00f3n al bulevar. Se han organizado asambleas y movilizaciones vecinales para conseguir hacerles frentes desde hace m\u00e1s de dos meses.<\/p>\n<p>[youtube]2maKVj8C1ho&amp;feature=youtu.be[\/youtube]<br \/>\n<strong> En enero conseguimos paralizar el bulevar, mediante las asambleas y la lucha y en parte, gracias al apoyo desde diferentes partes del estado<\/strong>.<\/p>\n<p>Debido a que los medios de comunicaci\u00f3n no est\u00e1n poniendo foco en el conflicto para que este no se extienda hacemos un llamamiento a la solidaridad por nuestros propios medios.<\/p>\n<p>Solos no podemos. Llevamos tres semanas de ocupaci\u00f3n policial por los comandos antidisturbios itinerantes, que protegen las obras de su amo y persiguen a los que levantan la voz. Tenemos un barrio y una ciudad movilizada, que no agacha la cabeza, resiste a su prepotencia y con valent\u00ed\u00ada sale a la calle a gritar. Queremos parar esta obra como punto de arranque para acabar con este sistema. Conocimos en enero la victoria, la saboreamos y disfrutamos. Comprendimos que no son intocables y que la movilizaci\u00f3n e ilusi\u00f3n de un pueblo en lucha es mas fuerte que todas sus polic\u00ed\u00adas.<\/p>\n<p><strong>\u00a1Que en cada barrio y en cada pueblo se escuche el clamor de la solidaridad y la lucha!<\/strong><\/p>\n<p>Vecinas de gamonal<\/p>\n","protected":false},"excerpt":{"rendered":"<p>El barrio de Gamonal lleva dos d\u00ed\u00adas de disturbios consecutivos contra la construcci\u00f3n de un nuevo proyecto especulativo. El Ayuntamiento de Burgos ha vuelto a adjudicar una obra irregular al cacique, Miguel M\u00e9ndez Pozo, en compensaci\u00f3n al bulevar. Se han organizado asambleas y movilizaciones vecinales para conseguir hacerles frentes desde hace m\u00e1s de dos meses&#8230;.  <a href=\"https:\/\/diariodevurgos.com\/dvwps\/llamamiento-a-la-solidaridad-con-el-barrio-de-gamonal.php\" class=\"more-link\" title=\"Read Llamamiento a la solidaridad con el barrio de Gamonal\">Read more &raquo;<\/a><\/p>\n","protected":false},"author":21,"featured_media":0,"comment_status":"open","ping_status":"closed","sticky":false,"template":"","format":"standard","meta":[],"categories":[2,81],"tags":[],"_links":{"self":[{"href":"https:\/\/diariodevurgos.com\/dvwps\/wp-json\/wp\/v2\/posts\/13807"}],"collection":[{"href":"https:\/\/diariodevurgos.com\/dvwps\/wp-json\/wp\/v2\/posts"}],"about":[{"href":"https:\/\/diariodevurgos.com\/dvwps\/wp-json\/wp\/v2\/types\/post"}],"author":[{"embeddable":true,"href":"https:\/\/diariodevurgos.com\/dvwps\/wp-json\/wp\/v2\/users\/21"}],"replies":[{"embeddable":true,"href":"https:\/\/diariodevurgos.com\/dvwps\/wp-json\/wp\/v2\/comments?post=13807"}],"version-history":[{"count":6,"href":"https:\/\/diariodevurgos.com\/dvwps\/wp-json\/wp\/v2\/posts\/13807\/revisions"}],"predecessor-version":[{"id":13810,"href":"https:\/\/diariodevurgos.com\/dvwps\/wp-json\/wp\/v2\/posts\/13807\/revisions\/13810"}],"wp:attachment":[{"href":"https:\/\/diariodevurgos.com\/dvwps\/wp-json\/wp\/v2\/media?parent=13807"}],"wp:term":[{"taxonomy":"category","embeddable":true,"href":"https:\/\/diariodevurgos.com\/dvwps\/wp-json\/wp\/v2\/categories?post=13807"},{"taxonomy":"post_tag","embeddable":true,"href":"https:\/\/diariodevurgos.com\/dvwps\/wp-json\/wp\/v2\/tags?post=13807"}],"curies":[{"name":"wp","href":"https:\/\/api.w.org\/{rel}","templated":true}]}}