{"id":13814,"date":"2014-11-08T14:59:02","date_gmt":"2014-11-08T13:59:02","guid":{"rendered":"http:\/\/diariodevurgos.com\/dvwps\/?p=13814"},"modified":"2014-11-08T15:14:45","modified_gmt":"2014-11-08T14:14:45","slug":"nueva-convocatoria-de-asamblea-para-detener-la-especulacion-en-el-tercer-dia-consecutivo-de-protestas-en-burgos","status":"publish","type":"post","link":"https:\/\/diariodevurgos.com\/dvwps\/nueva-convocatoria-de-asamblea-para-detener-la-especulacion-en-el-tercer-dia-consecutivo-de-protestas-en-burgos.php","title":{"rendered":"Nueva convocatoria de asamblea para detener la especulaci\u00f3n en el tercer d\u00ed\u00ada consecutivo de protestas en Burgos"},"content":{"rendered":"<p class=\"lead\">Ante los sucesos registrados en Burgos <a href=\"http:\/\/diariodevurgos.com\/dvwps\/segunda-noche-consecutiva-de-disturbios-en-burgos-la-lucha-sigue.php\">durante los dos \u00faltimos d\u00ed\u00adas<\/a> en los que nuevamente las calles de Gamonal se han convertido en el escenario de disturbios y cargas policiales, la<a href=\"https:\/\/www.facebook.com\/acontralaespeculacion\/photos\/a.570406916420275.1073741828.570401539754146\/597396433721323\/?type=1&amp;theater\"> Asamblea contra la Especulaci\u00f3n<\/a> realiza un llamamiento para la realizaci\u00f3n de una <strong>nueva asamblea para hoy s\u00e1bado 8 de noviembre a partir de las 20.00 horas en la Plaza del Cid.<\/strong><\/p>\n<p style=\"text-align: center;\"><img loading=\"lazy\" class=\"aligncenter size-full wp-image-13815\" title=\"llamamiento asamblea s\u00e1bado 8 de noviembre\" src=\"http:\/\/diariodevurgos.com\/dvwps\/wp-content\/uploads\/2014\/11\/llamamiento-asamblea-s\u00e1bado-8-de-noviembre.jpg\" alt=\"llamamiento asamblea s\u00e1bado 8 de noviembre\" width=\"255\" height=\"331\" \/><\/p>\n<p>En el tercer d\u00ed\u00ada consecutivo de protestas y frente a la toma policial de las calles de nuestra ciudad, el movimiento social surgido con la intenci\u00f3n de detener las obras de reforma de la Plaza de Toros de Burgos contin\u00faa con la movilizaci\u00f3n que permita poner fin a la especulaci\u00f3n urban\u00ed\u00adstica en una escalada de tensi\u00f3n de la que sus \u00faltimos responsables son <strong>el Ayuntamiento de Burgos y el empresario de la construcci\u00f3n Antonio Miguel M\u00e9ndez Pozo.<\/strong><\/p>\n<p>[youtube]2jPaxTJotD8[\/youtube]<\/p>\n<p>Desde<strong> DV<\/strong> reiteramos el <a href=\"http:\/\/diariodevurgos.com\/dvwps\/llamamiento-a-la-solidaridad-con-el-barrio-de-gamonal.php\">llamamiento solidario <\/a>para que todas aquellas personas que a\u00fan creen en la justicia social y se encuentren fuera de nuestra ciudad se movilicen extendiendo un conflicto en el que est\u00e1 en juego algo m\u00e1s que un mont\u00f3n de ladrillos.<\/p>\n","protected":false},"excerpt":{"rendered":"<p>Ante los sucesos registrados en Burgos durante los dos \u00faltimos d\u00ed\u00adas en los que nuevamente las calles de Gamonal se han convertido en el escenario de disturbios y cargas policiales, la Asamblea contra la Especulaci\u00f3n realiza un llamamiento para la realizaci\u00f3n de una nueva asamblea para hoy s\u00e1bado 8 de noviembre a partir de las&#8230;  <a href=\"https:\/\/diariodevurgos.com\/dvwps\/nueva-convocatoria-de-asamblea-para-detener-la-especulacion-en-el-tercer-dia-consecutivo-de-protestas-en-burgos.php\" class=\"more-link\" title=\"Read Nueva convocatoria de asamblea para detener la especulaci\u00f3n en el tercer d\u00ed\u00ada consecutivo de protestas en Burgos\">Read more &raquo;<\/a><\/p>\n","protected":false},"author":2,"featured_media":0,"comment_status":"open","ping_status":"closed","sticky":false,"template":"","format":"standard","meta":[],"categories":[2,57,12,27,49,81],"tags":[],"_links":{"self":[{"href":"https:\/\/diariodevurgos.com\/dvwps\/wp-json\/wp\/v2\/posts\/13814"}],"collection":[{"href":"https:\/\/diariodevurgos.com\/dvwps\/wp-json\/wp\/v2\/posts"}],"about":[{"href":"https:\/\/diariodevurgos.com\/dvwps\/wp-json\/wp\/v2\/types\/post"}],"author":[{"embeddable":true,"href":"https:\/\/diariodevurgos.com\/dvwps\/wp-json\/wp\/v2\/users\/2"}],"replies":[{"embeddable":true,"href":"https:\/\/diariodevurgos.com\/dvwps\/wp-json\/wp\/v2\/comments?post=13814"}],"version-history":[{"count":6,"href":"https:\/\/diariodevurgos.com\/dvwps\/wp-json\/wp\/v2\/posts\/13814\/revisions"}],"predecessor-version":[{"id":13817,"href":"https:\/\/diariodevurgos.com\/dvwps\/wp-json\/wp\/v2\/posts\/13814\/revisions\/13817"}],"wp:attachment":[{"href":"https:\/\/diariodevurgos.com\/dvwps\/wp-json\/wp\/v2\/media?parent=13814"}],"wp:term":[{"taxonomy":"category","embeddable":true,"href":"https:\/\/diariodevurgos.com\/dvwps\/wp-json\/wp\/v2\/categories?post=13814"},{"taxonomy":"post_tag","embeddable":true,"href":"https:\/\/diariodevurgos.com\/dvwps\/wp-json\/wp\/v2\/tags?post=13814"}],"curies":[{"name":"wp","href":"https:\/\/api.w.org\/{rel}","templated":true}]}}