{"id":1386,"date":"2008-04-19T20:21:01","date_gmt":"2008-04-19T19:21:01","guid":{"rendered":"http:\/\/diariodevurgos.com\/dvwps\/inciciativas-solidarias-con-los-encausados-del-proceso-de-salonica-en-burgos.php"},"modified":"2008-04-19T22:53:52","modified_gmt":"2008-04-19T21:53:52","slug":"inciciativas-solidarias-con-los-encausados-del-proceso-de-salonica-en-burgos","status":"publish","type":"post","link":"https:\/\/diariodevurgos.com\/dvwps\/inciciativas-solidarias-con-los-encausados-del-proceso-de-salonica-en-burgos.php","title":{"rendered":"Inciciativas solidarias con los encausados del Proceso de Sal\u00f3nica en Burgos"},"content":{"rendered":"<p class=\"lead\">El pr\u00f3ximo 7 de mayo de 2008, Fernando, un joven libertario burgal\u00e9s ser\u00e1 juzgado junto con otros tantos compa\u00f1eros  en la ciudad Griega de Sal\u00f3nica. Desde la Asmablea de Solidaridad Permante de Burgos se han convocado una serie de iniciativas solidarias para el 6 y el 10 de mayo que se suman a las ya convocadas  a <a title=\"Convocatorias de Solidaridad\" href=\"http:\/\/diariodevurgos.com\/dvwps\/convocatoria-estatal-en-solidaridad-con-los-encausados-del-proceso-de-salonica.php\">nivel estatal.<\/a><\/p>\n<p><img alt=\"SalonicaPequenica\" title=\"SalonicaPequenica\" id=\"image1332\" src=\"http:\/\/diariodevurgos.com\/dvwps\/wp-content\/uploads\/2008\/03\/tesalonicab2pre27demayopeque.jpg\" \/><!--more--><\/p>\n<p><strong>Iniciativas de solidaridad en Burgos<\/strong><\/p>\n<ul>\n<li>Concentraci\u00f3n<br \/>\nmartes 6 de mayo de 2008<br \/>\nPlaza Santiago de Gamonal<br \/>\n20.00 horaS<\/li>\n<\/ul>\n<ul>\n<li>Concentraci\u00f3n<br \/>\ns\u00e1bado 10 de amyo de 2008<br \/>\nPlaza de los Delfines (Plaza Espa\u00f1a)<br \/>\n20.00 horas<\/li>\n<\/ul>\n<p>Para conocer m\u00e1s detalles sobre este proceso podeis escuchar una entrevista realizada a Hary Ladis, abogado que se encarga de la defensa de los compa\u00f1eros, realizada por <a title=\"Entrevista al abogado del Proceso de Sal\u00f3nica\" href=\"http:\/\/ondaexpansiva.net\/?p=35\">OndaExpansiva<\/a><br \/>\n<em><br \/>\nSolidaridad con todos los procesados<\/em><\/p>\n<p><strong>la Pasi\u00f3n por la libertad es m\u00e1s fuerte que todas sus celdas!!!<\/strong><\/p>\n","protected":false},"excerpt":{"rendered":"<p>El pr\u00f3ximo 7 de mayo de 2008, Fernando, un joven libertario burgal\u00e9s ser\u00e1 juzgado junto con otros tantos compa\u00f1eros en la ciudad Griega de Sal\u00f3nica. Desde la Asmablea de Solidaridad Permante de Burgos se han convocado una serie de iniciativas solidarias para el 6 y el 10 de mayo que se suman a las ya&#8230;  <a href=\"https:\/\/diariodevurgos.com\/dvwps\/inciciativas-solidarias-con-los-encausados-del-proceso-de-salonica-en-burgos.php\" class=\"more-link\" title=\"Read Inciciativas solidarias con los encausados del Proceso de Sal\u00f3nica en Burgos\">Read more &raquo;<\/a><\/p>\n","protected":false},"author":9,"featured_media":0,"comment_status":"open","ping_status":"closed","sticky":false,"template":"","format":"standard","meta":[],"categories":[3,2,14,24,25],"tags":[],"_links":{"self":[{"href":"https:\/\/diariodevurgos.com\/dvwps\/wp-json\/wp\/v2\/posts\/1386"}],"collection":[{"href":"https:\/\/diariodevurgos.com\/dvwps\/wp-json\/wp\/v2\/posts"}],"about":[{"href":"https:\/\/diariodevurgos.com\/dvwps\/wp-json\/wp\/v2\/types\/post"}],"author":[{"embeddable":true,"href":"https:\/\/diariodevurgos.com\/dvwps\/wp-json\/wp\/v2\/users\/9"}],"replies":[{"embeddable":true,"href":"https:\/\/diariodevurgos.com\/dvwps\/wp-json\/wp\/v2\/comments?post=1386"}],"version-history":[{"count":0,"href":"https:\/\/diariodevurgos.com\/dvwps\/wp-json\/wp\/v2\/posts\/1386\/revisions"}],"wp:attachment":[{"href":"https:\/\/diariodevurgos.com\/dvwps\/wp-json\/wp\/v2\/media?parent=1386"}],"wp:term":[{"taxonomy":"category","embeddable":true,"href":"https:\/\/diariodevurgos.com\/dvwps\/wp-json\/wp\/v2\/categories?post=1386"},{"taxonomy":"post_tag","embeddable":true,"href":"https:\/\/diariodevurgos.com\/dvwps\/wp-json\/wp\/v2\/tags?post=1386"}],"curies":[{"name":"wp","href":"https:\/\/api.w.org\/{rel}","templated":true}]}}