{"id":13952,"date":"2014-11-13T20:42:49","date_gmt":"2014-11-13T19:42:49","guid":{"rendered":"http:\/\/diariodevurgos.com\/dvwps\/?p=13952"},"modified":"2014-11-15T14:52:14","modified_gmt":"2014-11-15T13:52:14","slug":"carta-abierta-a-angel-ibanez-vicealcalde-y-portavoz-del-equipo-de-gobierno-del-ayuntamiento-de-burgos","status":"publish","type":"post","link":"https:\/\/diariodevurgos.com\/dvwps\/carta-abierta-a-angel-ibanez-vicealcalde-y-portavoz-del-equipo-de-gobierno-del-ayuntamiento-de-burgos.php","title":{"rendered":"Carta abierta a \u00ed\u0081ngel Ib\u00e1\u00f1ez, vicealcalde y portavoz del equipo de gobierno del Ayuntamiento de Burgos"},"content":{"rendered":"<p class=\"lead\">\u00bfC\u00f3mo es posible que en menos de un a\u00f1o dos actuaciones urban\u00ed\u00adsticas llevadas a cabo por el consistorio del que usted figura como\u00a0 vicealclade hayan provocado importantes levantamientos sociales? \u00bfHasta d\u00f3nde est\u00e1 usted dispuesto a llegar con tal cumplir la voluntad de <em>El Jefe<\/em>?<\/p>\n<p style=\"text-align: center;\"><img loading=\"lazy\" class=\"aligncenter size-full wp-image-13960\" title=\"\u00ed\u0081ngel Iba\u00f1ez\" src=\"http:\/\/diariodevurgos.com\/dvwps\/wp-content\/uploads\/2014\/11\/\u00ed\u0081ngel-Iba\u00f1ez1.JPG\" alt=\"\u00ed\u0081ngel Iba\u00f1ez\" width=\"172\" height=\"242\" \/><\/p>\n<p>Una carta abierta que <strong>Modesto Agust\u00ed\u00ad<\/strong>, colaborador habitual de <strong>DV<\/strong>, dirige a <strong>\u00ed\u0081ngel Iba\u00f1ez<\/strong>,\u00a0 vicealcalde y portavoz del equipo de gobierno municipal sobre el actual conflicto contra la especulaci\u00f3n urbanistica que se ha desatado en Burgos.<\/p>\n<p><!--more--><\/p>\n<p><strong>A la atenci\u00f3n de \u00ed\u0081ngel Mariano Iba\u00f1ez, vicealcalde de la ciudad de Burgos:<\/strong><\/p>\n<p>Los \u00faltimos tiempos est\u00e1n siendo especialmente agitados para la ciudad de Burgos y el consistorio en el que usted figura como vicealcalde.\u00a0 M\u00e1s all\u00e1 de la Capital de la Gastronom\u00ed\u00ada, el Foro de la Cultura o la ingeniosa marca de la ciudad con la que se invitaba a sonre\u00ed\u00adr a sus habitantes, en menos de un a\u00f1o dos intervenciones urban\u00ed\u00adsticas programadas por el Ayuntamiento de Burgos del que usted forma parte como portavoz han tra\u00ed\u00addo como consecuencia levantamientos sociales que han logrado poner a Burgos definitivamente en el mapa, y todo ello por encima de morcillas, catedrales o yacimientos paleol\u00ed\u00adticos.<br \/>\nEn menos de un a\u00f1o nuestra ciudad se ha convertido por dos veces consecutivas en el epicentro de conflictos sociales que sintetizan de manera concisa la realidad que durante d\u00e9cadas ha presidido la cotidianidad de la vida pol\u00ed\u00adtica de nuestro pa\u00ed\u00ads, donde Burgos no es sino el ejemplo m\u00e1s expl\u00ed\u00adcito de lo que ha venido ocurriendo.<\/p>\n<p>\u00bfSe ha preguntado usted, <strong>Javier Lacalle<\/strong>,<strong> Fernando G\u00f3mez<\/strong>, <strong>C\u00e9sar Rico<\/strong> u otros pol\u00ed\u00adticos de nuestra ciudad habituados a ruedas de prensa y declaraciones pomposas por qu\u00e9 en menos de un a\u00f1o se han repetido los mismos acontecimientos?<br \/>\n<strong><br \/>\nCuando la ceguera se llama clientelismo<\/strong><br \/>\nDurante d\u00e9cadas en Burgos las decisiones en materia de urbanismo han sido adoptadas siguiendo una din\u00e1mica en la que el beneficio de las grandes empresas de la construcci\u00f3n ha estado por encima de los intereses reales de los ciudadanos.<\/p>\n<p>El clientelismo, esa forma de vasallaje a la que usted parece estar abonado desde su m\u00e1s tierna juventud en la que se forj\u00f3 su actual carrera pol\u00ed\u00adtica, es la metodolog\u00ed\u00ada con la que el consistorio burgal\u00e9s ha estado planificando su pol\u00ed\u00adtica de urbanismo desde la noche de los tiempos.\u00a0 En no pocas ocasiones el pasado juega a repetirse en el presente, aunque usted haga esfuerzos por intentar no recordarlo.<\/p>\n<p>Hace m\u00e1s de veinte a\u00f1os la sombra del empresario de la construcci\u00f3n Antonio Miguel M\u00e9ndez Pozo comenzaba a proyectarse sobre el Ayuntamiento de Burgos. En pocos a\u00f1os <em>El Jefe<\/em> lleg\u00f3 a establecer una red clientelar en la que nada se mov\u00ed\u00ada en nuestra ciudad si no era bajo su consentimiento. Quiz\u00e1s<a href=\"http:\/\/www.cuatro.com\/las-mananas-de-cuatro\/2014\/enero\/implicadas-disturbios-Gamonal-cara-mananas_0_1732500382.html\"> era usted demasiado peque\u00f1o o prefiera no acordarse de ello<\/a>, pero durante la vor\u00e1gine de acontecimientos que rodearon el llamado<a href=\"http:\/\/es.wikipedia.org\/wiki\/Caso_de_la_construcci%C3%B3n\"> Caso de la Construcci\u00f3n,<\/a> <em>Michel<\/em> lleg\u00f3 a declarar que desconoc\u00ed\u00ada d\u00f3nde se encontraba la sede del Partido Popular. No lo hac\u00ed\u00ada falta conocer su ubicaci\u00f3n exacta, como bien recog\u00ed\u00ada la sentencia de aquel proceso que tanto recuerda a los actuales casos de corrupci\u00f3n urban\u00ed\u00adstica que se suceden en nuestros d\u00ed\u00adas,\u00a0 determinados ediles del ayuntamiento eran los que deb\u00ed\u00adan desplazarse al despacho de El Jefe.<\/p>\n<p>Dos d\u00e9cadas despu\u00e9s la situaci\u00f3n parece no haber variado ni un \u00e1pice en Burgos, m\u00e1s a\u00fan cuando es el mismo empresario revestido de m\u00e1s poder a\u00fan si cabe gracias a los medios de comunicaci\u00f3n que se hayan bajo su control, es quien parece tener la \u00faltima palabra en cuestiones de urbanismo.<\/p>\n<p><strong>Del &#8220;buf\u00f3n del rector&#8221;\u009d a marioneta de <em>El Jefe<\/em><\/strong><br \/>\nTodo aquel que haya frecuentado la Universidad de Burgos en los a\u00f1os noventa recordar\u00e1 como a base de posicionarse en contra de los intereses de la mayor\u00ed\u00ada de los estudiantes, usted logr\u00f3 conseguir que fuese apodado como &#8220;el buf\u00f3n del rector&#8221;\u009d, cargo que en la \u00e9poca era ostentado por Jos\u00e9 Mar\u00ed\u00ada Leal, hoy presidente de Caja de Burgos, aunque ya no sea caja y mucho menos de Burgos.<\/p>\n<p>Me dir\u00e1 que ha pasado mucho tiempo de todo aquello, y es cierto. Ni usted ha vuelto a vestirse con las galas de la noble hermandad de la Tuna, ni aquellas protestas \u00a0parecen tener relaci\u00f3n \u00a0con nuestro presente. Sin duda, usted ha dejado de ser buf\u00f3n, pero s\u00f3lo a precio de convertirse en la marioneta de Antonio Miguel M\u00e9ndez Pozo. La actual situaci\u00f3n de conflictividad social que la gesti\u00f3n del consistorio en el que usted figura como vicealcalde ha desencadenado en Burgos parece corroborarlo.<\/p>\n<p>Y no se ofenda, pero responder a las reivindicaciones ciudadanas que reclaman que el dinero que se va a invertir en la remodelaci\u00f3n de la Plaza de Toros sea empleado en fines sociales primero con declaraciones en las que usted parece tomar el pelo a los vecinos, y despu\u00e9s dando v\u00ed\u00adtores a la polic\u00ed\u00ada por su actuaci\u00f3n contundente sobre ellos, dan a entender que la capacidad de decisi\u00f3n pol\u00ed\u00adtica del equipo de gobierno municipal en el que usted figura como portavoz, est\u00e1 coaccionada por la voluntad de M\u00e9ndez Pozo. El mismo empresario de la construcci\u00f3n que en nuestro presente, como hace m\u00e1s de veinte a\u00f1os, controla las decisiones sobre urbanismo en Burgos.<\/p>\n<p><strong>\u00bfUn expediente administrativo sancionador para el vicealcalde de Burgos?<\/strong><br \/>\nEl domingo 9 de noviembre, Jos\u00e9 Mar\u00ed\u00ada Arribas, Subdelegado del Gobierno en la Provincia de Burgos, y afiliado al mismo partido pol\u00ed\u00adtico que usted mismo, <a href=\"http:\/\/www.20minutos.es\/noticia\/2291152\/0\/se-eleva-cinco-cifra-detenidos-por-incidentes-burgos-cuatro-ellos-por-quema-contenedores\/\">declaraba en rueda de prensa la apertura de &#8220;expediente administrativo sancionador&#8221;\u009d sobre las personas que hab\u00ed\u00adan sido identificadas como promotores de las protestas<\/a>, sin explicitar con exactitud c\u00f3mo se hab\u00ed\u00adan producid dichas identificaciones.<\/p>\n<p>El lunes 10 noviembre acud\u00ed\u00ada usted\u00a0<a href=\"http:\/\/www.diariodeburgos.es\/noticia\/Z1116FE74-0389-B605-08067D74F58A5A6B\/20141110\/medio\/centenar\/personas\/condena\/frente\/comisaria\/actos\/vandalicos\/respalda\/actuacion\/policial\"> a las inmediaciones de la Comisar\u00ed\u00ada de Polic\u00ed\u00ada con otras gentes de su partido<\/a>, que es el mismo que el del Subdelegado del Gobierno en Burgos, para dar v\u00ed\u00adtores a la polic\u00ed\u00ada.\u00a0 Me parece muy bien que de usted vivas a polic\u00ed\u00ada o a Rodolfo Mart\u00ed\u00adn Villa si le apetece, la pr\u00f3xima vez puede ir incluso vestido con sus mejores galas de la Tuna por recordar los buenos tiempos.<\/p>\n<p>S\u00f3lo espero que s\u00ed\u00ad existe justicia en este pa\u00ed\u00ads el &#8220;grupo radical que aprovecha cualquier circunstancia para mostrar cu\u00e1les son sus formas&#8221;\u009d y que usted capitaneaba, reciba tambi\u00e9n los pertinentes expedientes sancionadores. La multa la puede usted deducir de nuestros impuestos o<a href=\"http:\/\/burgosconecta.es\/2014\/11\/03\/se-pierden-100-000-euros-en-un-nuevo-error-administrativo\/\"> hacer que no se acuerda de ella <\/a>como acostumbra en el consistorio.<\/p>\n<p><strong>El conflicto no se ha terminado, y lo sabe<\/strong><br \/>\nUsted sabe tan bien como yo que, a pesar de la aparente calma que se respira durante estos d\u00ed\u00adas, el conflicto no est\u00e1 ni mucho menos resuelto. Las movilizaciones y protestas est\u00e1n lejos de haber concluido porque gran parte de la poblaci\u00f3n de Burgos rechaza este proyecto. \u00bfConvertir\u00e1 nuevamente la cerraz\u00f3n del equipo de gobierno municipal del que usted figura como portavoz las calles de Burgos en un nuevo escenario de batalla?. Si tan seguro est\u00e1 usted de que Burgos apoya la remodelaci\u00f3n de la Plaza de Toros, \u00bfse atrever\u00e1 usted a realizar la consulta popular que demanda la Asamblea contra la Especulaci\u00f3n o acaso se lo impiden las redes clientelares de El Jefe?<\/p>\n<p>Los dos Burgos que cohabitan desde siglos en nuestra ciudad han vuelto a enfrentarse en menos de lo que nadie jam\u00e1s hubiese imaginado. Usted hace ya tiempo que tom\u00f3 partido por el Burgos de la oligarqu\u00ed\u00ada y los caciques, pero recuerde que el otro Burgos, el de los vecinos que usted desprecia, ya ha demostrado que puede ser capaz de derrotar a los suyos o llevar la protesta a la propia puerta de su casa. Veremos qu\u00e9 es lo que ocurre ahora. \u00bfSe atreve usted a apostar\u00a0 se\u00f1or \u00ed\u0081ngel Mariano Ib\u00e1\u00f1ez?<\/p>\n<p><strong>Modesto Agust\u00ed\u00ad<\/strong><\/p>\n","protected":false},"excerpt":{"rendered":"<p>\u00bfC\u00f3mo es posible que en menos de un a\u00f1o dos actuaciones urban\u00ed\u00adsticas llevadas a cabo por el consistorio del que usted figura como\u00a0 vicealclade hayan provocado importantes levantamientos sociales? \u00bfHasta d\u00f3nde est\u00e1 usted dispuesto a llegar con tal cumplir la voluntad de El Jefe? Una carta abierta que Modesto Agust\u00ed\u00ad, colaborador habitual de DV, dirige&#8230;  <a href=\"https:\/\/diariodevurgos.com\/dvwps\/carta-abierta-a-angel-ibanez-vicealcalde-y-portavoz-del-equipo-de-gobierno-del-ayuntamiento-de-burgos.php\" class=\"more-link\" title=\"Read Carta abierta a \u00ed\u0081ngel Ib\u00e1\u00f1ez, vicealcalde y portavoz del equipo de gobierno del Ayuntamiento de Burgos\">Read more &raquo;<\/a><\/p>\n","protected":false},"author":2,"featured_media":0,"comment_status":"open","ping_status":"closed","sticky":false,"template":"","format":"standard","meta":[],"categories":[2,12,81,7],"tags":[],"_links":{"self":[{"href":"https:\/\/diariodevurgos.com\/dvwps\/wp-json\/wp\/v2\/posts\/13952"}],"collection":[{"href":"https:\/\/diariodevurgos.com\/dvwps\/wp-json\/wp\/v2\/posts"}],"about":[{"href":"https:\/\/diariodevurgos.com\/dvwps\/wp-json\/wp\/v2\/types\/post"}],"author":[{"embeddable":true,"href":"https:\/\/diariodevurgos.com\/dvwps\/wp-json\/wp\/v2\/users\/2"}],"replies":[{"embeddable":true,"href":"https:\/\/diariodevurgos.com\/dvwps\/wp-json\/wp\/v2\/comments?post=13952"}],"version-history":[{"count":12,"href":"https:\/\/diariodevurgos.com\/dvwps\/wp-json\/wp\/v2\/posts\/13952\/revisions"}],"predecessor-version":[{"id":13989,"href":"https:\/\/diariodevurgos.com\/dvwps\/wp-json\/wp\/v2\/posts\/13952\/revisions\/13989"}],"wp:attachment":[{"href":"https:\/\/diariodevurgos.com\/dvwps\/wp-json\/wp\/v2\/media?parent=13952"}],"wp:term":[{"taxonomy":"category","embeddable":true,"href":"https:\/\/diariodevurgos.com\/dvwps\/wp-json\/wp\/v2\/categories?post=13952"},{"taxonomy":"post_tag","embeddable":true,"href":"https:\/\/diariodevurgos.com\/dvwps\/wp-json\/wp\/v2\/tags?post=13952"}],"curies":[{"name":"wp","href":"https:\/\/api.w.org\/{rel}","templated":true}]}}