{"id":14015,"date":"2014-11-17T21:01:49","date_gmt":"2014-11-17T20:01:49","guid":{"rendered":"http:\/\/diariodevurgos.com\/dvwps\/?p=14015"},"modified":"2014-11-18T02:38:13","modified_gmt":"2014-11-18T01:38:13","slug":"proyeccion-documental-y-concierto-en-el-csr-gamonal","status":"publish","type":"post","link":"https:\/\/diariodevurgos.com\/dvwps\/proyeccion-documental-y-concierto-en-el-csr-gamonal.php","title":{"rendered":"Proyecci\u00f3n documental y concierto en el CSR Gamonal"},"content":{"rendered":"<p class=\"lead\">El<a href=\"http:\/\/csrgamonal.ga\/\"> Centro Social Recuperado de Gamonal<\/a> ha programado para esta semana diversas actividades. El <strong>mi\u00e9rcoles 19 de noviembre<\/strong> a partir de las <strong>20.00 horas<\/strong> se llevar\u00e1 a cabo la proyecci\u00f3n del documental <a href=\"http:\/\/www.ojosquenoven.org\/Ojos_Que_No_Ven\/Inicio.html\"><em>Ojos que no ven. Victimas del fascismo desde la transici\u00f3n<\/em><\/a>, un trabajo audiovisual que analiza las agresiones fascistas que se han producido desde 1975 hasta la actualidad.<\/p>\n<p style=\"text-align: center;\"><img loading=\"lazy\" class=\"aligncenter size-full wp-image-14016\" title=\"cine_documental CSR Gamonal\" src=\"http:\/\/diariodevurgos.com\/dvwps\/wp-content\/uploads\/2014\/11\/cine_documental-CSR-Gamonal1.jpg\" alt=\"cine_documental CSR Gamonal\" width=\"398\" height=\"280\" srcset=\"https:\/\/diariodevurgos.com\/dvwps\/wp-content\/uploads\/2014\/11\/cine_documental-CSR-Gamonal1.jpg 800w, https:\/\/diariodevurgos.com\/dvwps\/wp-content\/uploads\/2014\/11\/cine_documental-CSR-Gamonal1-300x211.jpg 300w\" sizes=\"(max-width: 398px) 100vw, 398px\" \/><\/p>\n<p>Por otro lado, el <strong>viernes 21 de noviembre<\/strong> a partir de las <strong>21.00 horas<\/strong> tendr\u00e1 lugar un <strong>concierto por la autogesti\u00f3n<\/strong> con la presencia de varias bandas de rock y la actuaci\u00f3n especial de la electrotxaranga Orkestra. El<strong> CSR Gamonal <\/strong>se encuentra en la calle <strong>Pablo Casals, 3<\/strong> justo enfrente del IES F\u00e9lix Rodr\u00ed\u00adguez de la Fuente.<\/p>\n<p style=\"text-align: center;\"><img loading=\"lazy\" class=\"aligncenter size-full wp-image-14017\" title=\"Concierto21n\" src=\"http:\/\/diariodevurgos.com\/dvwps\/wp-content\/uploads\/2014\/11\/Concierto21n2.jpg\" alt=\"Concierto21n\" width=\"389\" height=\"548\" \/><\/p>\n","protected":false},"excerpt":{"rendered":"<p>El Centro Social Recuperado de Gamonal ha programado para esta semana diversas actividades. El mi\u00e9rcoles 19 de noviembre a partir de las 20.00 horas se llevar\u00e1 a cabo la proyecci\u00f3n del documental Ojos que no ven. Victimas del fascismo desde la transici\u00f3n, un trabajo audiovisual que analiza las agresiones fascistas que se han producido desde&#8230;  <a href=\"https:\/\/diariodevurgos.com\/dvwps\/proyeccion-documental-y-concierto-en-el-csr-gamonal.php\" class=\"more-link\" title=\"Read Proyecci\u00f3n documental y concierto en el CSR Gamonal\">Read more &raquo;<\/a><\/p>\n","protected":false},"author":2,"featured_media":0,"comment_status":"open","ping_status":"closed","sticky":false,"template":"","format":"standard","meta":[],"categories":[2,57,78,27],"tags":[],"_links":{"self":[{"href":"https:\/\/diariodevurgos.com\/dvwps\/wp-json\/wp\/v2\/posts\/14015"}],"collection":[{"href":"https:\/\/diariodevurgos.com\/dvwps\/wp-json\/wp\/v2\/posts"}],"about":[{"href":"https:\/\/diariodevurgos.com\/dvwps\/wp-json\/wp\/v2\/types\/post"}],"author":[{"embeddable":true,"href":"https:\/\/diariodevurgos.com\/dvwps\/wp-json\/wp\/v2\/users\/2"}],"replies":[{"embeddable":true,"href":"https:\/\/diariodevurgos.com\/dvwps\/wp-json\/wp\/v2\/comments?post=14015"}],"version-history":[{"count":6,"href":"https:\/\/diariodevurgos.com\/dvwps\/wp-json\/wp\/v2\/posts\/14015\/revisions"}],"predecessor-version":[{"id":14019,"href":"https:\/\/diariodevurgos.com\/dvwps\/wp-json\/wp\/v2\/posts\/14015\/revisions\/14019"}],"wp:attachment":[{"href":"https:\/\/diariodevurgos.com\/dvwps\/wp-json\/wp\/v2\/media?parent=14015"}],"wp:term":[{"taxonomy":"category","embeddable":true,"href":"https:\/\/diariodevurgos.com\/dvwps\/wp-json\/wp\/v2\/categories?post=14015"},{"taxonomy":"post_tag","embeddable":true,"href":"https:\/\/diariodevurgos.com\/dvwps\/wp-json\/wp\/v2\/tags?post=14015"}],"curies":[{"name":"wp","href":"https:\/\/api.w.org\/{rel}","templated":true}]}}