{"id":1415,"date":"2008-05-01T13:26:05","date_gmt":"2008-05-01T12:26:05","guid":{"rendered":"http:\/\/diariodevurgos.com\/dvwps\/defensa-interior-y-el-grupo-anarquista-primero-de-mayo.php"},"modified":"2008-05-01T13:26:05","modified_gmt":"2008-05-01T12:26:05","slug":"defensa-interior-y-el-grupo-anarquista-primero-de-mayo","status":"publish","type":"post","link":"https:\/\/diariodevurgos.com\/dvwps\/defensa-interior-y-el-grupo-anarquista-primero-de-mayo.php","title":{"rendered":"Defensa Interior y el Grupo Anarquista Primero de Mayo"},"content":{"rendered":"<p class=\"lead\"><a class=\"imagelink\" id=\"p1414\" title=\"DI\" href=\"http:\/\/diariodevurgos.com\/dvwps\/defensa-interior-y-el-grupo-anarquista-primero-de-mayo.php\/di\/\" rel=\"attachment\"><img id=\"image1414\" title=\"DI\" alt=\"DI\" src=\"http:\/\/diariodevurgos.com\/dvwps\/wp-content\/uploads\/2008\/05\/defensa-interior.jpg\" align=\"right\" \/><\/a>Un documental en le que podremos ver a Octavio Alberola y Luis Andres Edo (con Joan Martinez)\u00a0en una charla sobre la formacion de Defensa Interior (DI), la organizacion responsable para continuar la lucha conspirartiva\u00a0contra el franquismo dentro de Espa\u00f1a.El 28 de abril de 1966, un sacerdote espa\u00f1ol, Monse\u00f1or Marcos Ussia, Consejero Eclesi\u00e1stico de la Embajada de Espa\u00f1a en el Vaticano fue secuestrado por un grupo anarquista hasta ahora desconocido &#8211; El Grupo Primero de Mayo (grupo sucesor de Defensa Interior).Ver docuemental <a title=\"DI\" href=\"http:\/\/www.klinamen.org\/article4159.html\">aqui<\/a> y <a title=\"primero de mayo\" href=\"http:\/\/www.klinamen.org\/article4291.html\">aqui <\/a><\/p>\n","protected":false},"excerpt":{"rendered":"<p>Un documental en le que podremos ver a Octavio Alberola y Luis Andres Edo (con Joan Martinez)\u00a0en una charla sobre la formacion de Defensa Interior (DI), la organizacion responsable para continuar la lucha conspirartiva\u00a0contra el franquismo dentro de Espa\u00f1a.El 28 de abril de 1966, un sacerdote espa\u00f1ol, Monse\u00f1or Marcos Ussia, Consejero Eclesi\u00e1stico de la Embajada&#8230;  <a href=\"https:\/\/diariodevurgos.com\/dvwps\/defensa-interior-y-el-grupo-anarquista-primero-de-mayo.php\" class=\"more-link\" title=\"Read Defensa Interior y el Grupo Anarquista Primero de Mayo\">Read more &raquo;<\/a><\/p>\n","protected":false},"author":9,"featured_media":0,"comment_status":"open","ping_status":"closed","sticky":false,"template":"","format":"standard","meta":[],"categories":[6,15],"tags":[],"_links":{"self":[{"href":"https:\/\/diariodevurgos.com\/dvwps\/wp-json\/wp\/v2\/posts\/1415"}],"collection":[{"href":"https:\/\/diariodevurgos.com\/dvwps\/wp-json\/wp\/v2\/posts"}],"about":[{"href":"https:\/\/diariodevurgos.com\/dvwps\/wp-json\/wp\/v2\/types\/post"}],"author":[{"embeddable":true,"href":"https:\/\/diariodevurgos.com\/dvwps\/wp-json\/wp\/v2\/users\/9"}],"replies":[{"embeddable":true,"href":"https:\/\/diariodevurgos.com\/dvwps\/wp-json\/wp\/v2\/comments?post=1415"}],"version-history":[{"count":0,"href":"https:\/\/diariodevurgos.com\/dvwps\/wp-json\/wp\/v2\/posts\/1415\/revisions"}],"wp:attachment":[{"href":"https:\/\/diariodevurgos.com\/dvwps\/wp-json\/wp\/v2\/media?parent=1415"}],"wp:term":[{"taxonomy":"category","embeddable":true,"href":"https:\/\/diariodevurgos.com\/dvwps\/wp-json\/wp\/v2\/categories?post=1415"},{"taxonomy":"post_tag","embeddable":true,"href":"https:\/\/diariodevurgos.com\/dvwps\/wp-json\/wp\/v2\/tags?post=1415"}],"curies":[{"name":"wp","href":"https:\/\/api.w.org\/{rel}","templated":true}]}}