{"id":14249,"date":"2014-12-19T18:30:57","date_gmt":"2014-12-19T17:30:57","guid":{"rendered":"http:\/\/diariodevurgos.com\/dvwps\/?p=14249"},"modified":"2014-12-19T20:34:38","modified_gmt":"2014-12-19T19:34:38","slug":"la-propaganda-del-estado-nos-cuesta-la-libertad","status":"publish","type":"post","link":"https:\/\/diariodevurgos.com\/dvwps\/la-propaganda-del-estado-nos-cuesta-la-libertad.php","title":{"rendered":"La propaganda del Estado nos cuesta la libertad"},"content":{"rendered":"<p class=\"lead\">Es muy probable que, en los \u00faltimos d\u00ed\u00adas, Ud. haya tenido conocimiento de que existe algo que ls fuerzas de seguridad del estado y los medios de comunicaci\u00f3n, en plena sinton\u00ed\u00ada, han denomindo &#8220;terrorismo anarquista&#8221;\u009d. No dicen, nos cuentan, que han lanzado una operaci\u00f3n policial contra un n\u00famero a\u00fan indeterminado de personas a las que se les atribuyen &#8220;delitos de pertenencia a una organizaci\u00f3n criminal&#8221;\u009d (aunque, al parecer, a\u00fan no saben a cu\u00e1l) y a\u00f1aden &#8220;con finalidad terrorista de car\u00e1cter anarquista&#8221;\u009d. Toma ya. Texto publicado en el<a href=\"http:\/\/www.apoyo-mutuo.org\/la-propaganda-del-estado-nos-cuesta-la-libertad\/\"> portal apoyo-mutuo.org<\/a><\/p>\n<p style=\"text-align: center;\"><img loading=\"lazy\" class=\"aligncenter size-full wp-image-14250\" title=\"Operaci\u00f3n Pandora\" src=\"http:\/\/diariodevurgos.com\/dvwps\/wp-content\/uploads\/2014\/12\/Operaci\u00f3n-Pandora.jpg\" alt=\"Operaci\u00f3n Pandora\" width=\"296\" height=\"170\" \/><\/p>\n<p><a href=\"http:\/\/www.apoyo-mutuo.org\/la-propaganda-del-estado-nos-cuesta-la-libertad\/\"><\/a><!--more--><\/p>\n<p>Evidentemente Ud. se habr\u00e1 congratulado por la operaci\u00f3n: el miedo al &#8220;terrorismo anarquista&#8221;\u009d, tan presente en nuestras vidas y que tanto da\u00f1o nos ha causado, no nos dejaba dormir por las noches. \u00bfAh? \u00bfQue Ud. no sab\u00ed\u00ada nada de &#8220;terroristas anarquistas&#8221;\u009d? Nosotros tampoco, oiga.<\/p>\n<p>De momento hay m\u00e1s de una decena de detenidos, en Barcelona y Madrid y miles de personas han salido a las calles a lo largo de todo el pa\u00ed\u00ads para denunciar la operaci\u00f3n policial y la criminalizaci\u00f3n surrealista de la disidencia.<\/p>\n<p>En el dispositivo, los diferentes cuerpos de seguridad del Estado han entrado en catorce inmuebles entre viviendas, Centros sociales y Ateneos Libertarios (incluyendo por error el domicilio de dos jubilados en Barcelona, que han destrozado), incaut\u00e1ndose de peligroso material anarquista: ordenadores, tel\u00e9fonos m\u00f3viles, libretas, libros&#8230;<\/p>\n<p>Como en anteriores ocasiones, toda esta &#8220;operaci\u00f3n&#8221;\u009d s\u00f3lo persigue la creaci\u00f3n de una amenaza artificial, en este caso los &#8220;anarquistas&#8221;\u009d y de paso criminalizar los espacios de encuentro, debate y creaci\u00f3n que no controlan ellos, que se autogestionan al margen de las trampas estatal-institucionales y legitimar su &#8220;Ley Mordaza&#8221;\u009d, criminalizar la disidencia y la protesta, sean estas pac\u00ed\u00adficas o no, desviando la atenci\u00f3n sobre las causas de esa disidencia: el nivel de hartazgo ante los m\u00faltiples casos de corrupci\u00f3n, ante el robo institucionalizado, reduciendo a una cuesti\u00f3n de orden p\u00fablico la oposici\u00f3n a su firme voluntad de continuar con la rapi\u00f1a, a nuestra costa.<\/p>\n","protected":false},"excerpt":{"rendered":"<p>Es muy probable que, en los \u00faltimos d\u00ed\u00adas, Ud. haya tenido conocimiento de que existe algo que ls fuerzas de seguridad del estado y los medios de comunicaci\u00f3n, en plena sinton\u00ed\u00ada, han denomindo &#8220;terrorismo anarquista&#8221;\u009d. No dicen, nos cuentan, que han lanzado una operaci\u00f3n policial contra un n\u00famero a\u00fan indeterminado de personas a las que&#8230;  <a href=\"https:\/\/diariodevurgos.com\/dvwps\/la-propaganda-del-estado-nos-cuesta-la-libertad.php\" class=\"more-link\" title=\"Read La propaganda del Estado nos cuesta la libertad\">Read more &raquo;<\/a><\/p>\n","protected":false},"author":2,"featured_media":0,"comment_status":"open","ping_status":"closed","sticky":false,"template":"","format":"standard","meta":[],"categories":[49,17,7],"tags":[],"_links":{"self":[{"href":"https:\/\/diariodevurgos.com\/dvwps\/wp-json\/wp\/v2\/posts\/14249"}],"collection":[{"href":"https:\/\/diariodevurgos.com\/dvwps\/wp-json\/wp\/v2\/posts"}],"about":[{"href":"https:\/\/diariodevurgos.com\/dvwps\/wp-json\/wp\/v2\/types\/post"}],"author":[{"embeddable":true,"href":"https:\/\/diariodevurgos.com\/dvwps\/wp-json\/wp\/v2\/users\/2"}],"replies":[{"embeddable":true,"href":"https:\/\/diariodevurgos.com\/dvwps\/wp-json\/wp\/v2\/comments?post=14249"}],"version-history":[{"count":2,"href":"https:\/\/diariodevurgos.com\/dvwps\/wp-json\/wp\/v2\/posts\/14249\/revisions"}],"predecessor-version":[{"id":14252,"href":"https:\/\/diariodevurgos.com\/dvwps\/wp-json\/wp\/v2\/posts\/14249\/revisions\/14252"}],"wp:attachment":[{"href":"https:\/\/diariodevurgos.com\/dvwps\/wp-json\/wp\/v2\/media?parent=14249"}],"wp:term":[{"taxonomy":"category","embeddable":true,"href":"https:\/\/diariodevurgos.com\/dvwps\/wp-json\/wp\/v2\/categories?post=14249"},{"taxonomy":"post_tag","embeddable":true,"href":"https:\/\/diariodevurgos.com\/dvwps\/wp-json\/wp\/v2\/tags?post=14249"}],"curies":[{"name":"wp","href":"https:\/\/api.w.org\/{rel}","templated":true}]}}