{"id":14253,"date":"2014-12-19T20:43:59","date_gmt":"2014-12-19T19:43:59","guid":{"rendered":"http:\/\/diariodevurgos.com\/dvwps\/?p=14253"},"modified":"2014-12-19T20:43:59","modified_gmt":"2014-12-19T19:43:59","slug":"la-caja-de-pandora-y-el-cajon-desastre-del-antiterrorismo-espanol","status":"publish","type":"post","link":"https:\/\/diariodevurgos.com\/dvwps\/la-caja-de-pandora-y-el-cajon-desastre-del-antiterrorismo-espanol.php","title":{"rendered":"La caja de pandora y el caj\u00f3n desastre del antiterrorismo espa\u00f1ol"},"content":{"rendered":"<p class=\"lead\">La ma\u00f1ana del martes 16 de diciembre nos ha sorprendido con una oleada de registros y detenciones&#8230; \u00bfNos ha sorprendido? No vamos a mentir. Volvamos a empezar. La ma\u00f1ana del martes 16 de diciembre NO nos ha sorprendido. La polic\u00ed\u00ada auton\u00f3mica catalana, los Mossos d&#8217;Esquadra, la Guardia Civil y agentes judiciales de la Audiencia Nacional asaltaron m\u00e1s de 10 domicilios y algunos locales anarquistas en Barcelona, Sabadell, Manresa y Madrid, con sus respectivos registros, detenciones, confiscaci\u00f3n de material propagand\u00ed\u00adstico e inform\u00e1tico, adem\u00e1s de aprovechar la ocasi\u00f3n para allanar y saquear tambi\u00e9n, utilizando todo el cuerpo antidisturbios de la Brigada M\u00f3vil de los Mossos d&#8217;Esquadra, la antigua Kasa de la Muntanya, un espacio ocupado que acaba de cumplir 25 a\u00f1os.<\/p>\n<p style=\"text-align: center;\"><img loading=\"lazy\" class=\"aligncenter size-full wp-image-14254\" title=\"Solidaridad anarquistas detenidos BCN-Madrid\" src=\"http:\/\/diariodevurgos.com\/dvwps\/wp-content\/uploads\/2014\/12\/Solidaridad-anarquistas-detenidos-BCN-Madrid.jpg\" alt=\"Solidaridad anarquistas detenidos BCN-Madrid\" width=\"371\" height=\"246\" srcset=\"https:\/\/diariodevurgos.com\/dvwps\/wp-content\/uploads\/2014\/12\/Solidaridad-anarquistas-detenidos-BCN-Madrid.jpg 720w, https:\/\/diariodevurgos.com\/dvwps\/wp-content\/uploads\/2014\/12\/Solidaridad-anarquistas-detenidos-BCN-Madrid-300x199.jpg 300w\" sizes=\"(max-width: 371px) 100vw, 371px\" \/><\/p>\n<p><!--more--><\/p>\n<p>Seg\u00fan la prensa, evidenciando como siempre su rol de vocero policial, el objetivo de estas detenciones es desarticular &#8220;una organizaci\u00f3n criminal con finalidad terrorista y de car\u00e1cter anarquista violento&#8221;\u009d. Aunque suena f\u00e1cil repetir una frase hecha una vez m\u00e1s, lo haremos: la \u00fanica organizaci\u00f3n criminal que busca aterrorizar a la gente con su car\u00e1cter violento es el Estado y sus tent\u00e1culos: la prensa, el aparato jur\u00ed\u00addico, sus cuerpos represivos y sus pol\u00ed\u00adticos, sean del espectro que sean.<\/p>\n<p>\u00bfPor qu\u00e9 no nos ha sorprendido la actuaci\u00f3n represiva? Porque la est\u00e1bamos esperando.<\/p>\n<p>No se trata de jugar a ser or\u00e1culos ni nada de eso, sino de saber leer entre l\u00ed\u00adneas, y a veces de manera literal, los acontecimientos. Como sucedi\u00f3 con la detenci\u00f3n de otros compas el a\u00f1o pasado, desde hace largo tiempo se est\u00e1n orquestando oleadas como la del martes contra entornos libertarios y antiautoritarios, y si bien las diferentes redadas no fueron tan grandes, evidenciaban un horizonte con situaciones de este tipo.<br \/>\n<strong><br \/>\nOperaci\u00f3n &#8220;a la italiana&#8221;\u009d<\/strong><br \/>\nDesde hace un par de d\u00e9cadas el entorno anarquista de la vecina regi\u00f3n de Italia vive cada cierto tiempo, y en los \u00faltimos a\u00f1os con cada vez m\u00e1s regularidad, macro operaciones similares a la del martes. No s\u00f3lo en el formato de redadas simult\u00e1neas y registros en diferentes casas, tambi\u00e9n la utilizaci\u00f3n de nombres que suenen f\u00e1ciles de recordar y con cierto humor negro, como en esta actual operaci\u00f3n, denominada Pandora debido a que este caso, seg\u00fan la prensa repiti\u00f3 de sus fuentes judiciales &#8220;era una caja que pese a los numerosos sustos que llev\u00e1bamos, no hab\u00ed\u00ada manera de abrir&#8221;\u009d. Con &#8220;numerosos sustos&#8221;\u009d hacen referencia a diversas acciones que sucedieron en los \u00faltimos a\u00f1os en todo el territorio del Estado espa\u00f1ol. Volviendo a las operaciones italianas, no hay que recordar los nombres de algunas ocurridas en los \u00faltimos a\u00f1os, como la Operaci\u00f3n Thor, cuyo nombre alud\u00ed\u00ada a la acusaci\u00f3n de una serie de ataques con martillos a cajeros autom\u00e1ticos y otras oficinas, la Operaci\u00f3n Ixodidae, que hace referencia al nombre t\u00e9cnico de la familia de las garrapatas, la manera en como llamaban los fascistas a los comunistas y anarquistas, u otras como Osad\u00ed\u00ada, Cervantes, Nottetempo, etc\u00e9tera.<\/p>\n<p>Adem\u00e1s del procedimiento y la nomenclatura, un factor que nos recuerda mucho al pa\u00ed\u00ads vecino es el rol de la prensa, la cual tambi\u00e9n nos ayud\u00f3 a visibilizar lo que se avecinaba. Desde hace aproximadamente 3 a\u00f1os o incluso un poco m\u00e1s, la prensa espa\u00f1ola comenz\u00f3 una campa\u00f1a para abonar el terreno de manera tal que operaciones como estas sean no s\u00f3lo posibles, sino tambi\u00e9n predecibles. Se\u00f1alando entornos, incluso en ocasiones espacios o personas con nombres y apellidos, colectivos, etc\u00e9tera, trabajando en construir una imagen caricaturizada y un tanto bizarra de un enemigo interno, que si bien desde hace d\u00e9cadas es habitual, en los \u00faltimos a\u00f1os fue cogiendo un car\u00e1cter muy espec\u00ed\u00adfico, el &#8220;anarquista violento&#8221;\u009d, el &#8220;insurreccionalista&#8221;\u009d, el &#8220;antisistema que se infiltra en los movimientos sociales&#8221;\u009d, etc\u00e9tera.<br \/>\n<strong><br \/>\nEl fiasco chileno<\/strong><br \/>\nEl a\u00f1o 2010 fue un a\u00f1o glorioso para el Estado chileno. Adem\u00e1s de ser elegido presidente el empresario y cuarta fortuna del pa\u00ed\u00ads, el derechista Sebasti\u00e1n Pi\u00f1era, se orquesta una operaci\u00f3n policial, medi\u00e1tica y judicial contra el entorno antiautoritario con el saldo de m\u00e1s de una decena de registros y detenciones, conocida como Operaci\u00f3n Salamandra, que popularmente se denomin\u00f3 como &#8220;Caso bombas&#8221;\u009d al estar basada en la investigaci\u00f3n de una serie de atentados explosivos ocurridos en los a\u00f1os previos, y la creaci\u00f3n mediante la imaginer\u00ed\u00ada policial de una macroestructura jer\u00e1rquica de una supuesta red encargada de todas esas detonaciones: un circo que no solamente debilit\u00f3 la imagen del Estado, adem\u00e1s de dejarlo en rid\u00ed\u00adculo, sino que puso en evidencia lo burdo de los procedimientos de investigaci\u00f3n, que inclu\u00ed\u00adan la falsificaci\u00f3n de pruebas, el chantaje o la presi\u00f3n para conseguir informantes o &#8220;arrepentidos&#8221;\u009d, el azar, etc\u00e9tera. El proceso finaliz\u00f3 con la absoluci\u00f3n de todas las imputadas y con una sed de venganza por parte del Estado chileno contra el entorno y las personas investigadas.<\/p>\n<p>Un a\u00f1o despu\u00e9s de finalizada la farsa del &#8220;Caso bombas&#8221;\u009d, y a trav\u00e9s de una operaci\u00f3n, esta vez de este lado del charco, los ministerios, juzgados y polic\u00ed\u00adas espa\u00f1oles y chilenos trabajaron conjuntamente en un nuevo caso. M\u00f3nica Caballero y Francisco Solar, ambos ex procesados en el &#8220;Caso bombas&#8221;\u009d son detenidos en Barcelona, donde viv\u00ed\u00adan en ese momento, junto a otras 3 personas que luego fueron dejadas fuera del caso, acusadas de la colocaci\u00f3n de un artefacto explosivo en la Bas\u00ed\u00adlica del Pilar de Zaragoza, la conspiraci\u00f3n para un hecho similar y la pertenencia a una supuesta organizaci\u00f3n terrorista. Estos compa\u00f1eros actualmente se encuentran en prisi\u00f3n preventiva en espera de un juicio que no sabemos cuando ser\u00e1, y tampoco sabemos en qu\u00e9 alterar\u00e1 su proceso esta nueva oleada represiva.<\/p>\n<p>La situaci\u00f3n es m\u00e1s o menos sabida por todas y si de una cosa estamos seguras es que las detenciones recientes sirven para darle cuerpo a un caso que por s\u00ed\u00ad solo no se sostiene.<\/p>\n<p><strong>\u00bfCasualidad?<\/strong><br \/>\nPocas horas antes de las detenciones del martes el gobierno espa\u00f1ol hac\u00ed\u00ada eco desde sus medios que los &#8220;ministerios del Interior de Espa\u00f1a y Chile abren una nueva fase de colaboraci\u00f3n reforzada en la lucha contra el terrorismo anarquista&#8221;\u009d. El pasado lunes 15 de diciembre, el ministro del Interior espa\u00f1ol, Jorge Fern\u00e1ndez D\u00ed\u00adaz, se reuni\u00f3 en Chile con el vicepresidente y tambi\u00e9n ministro del Interior chileno Rodrigo Pe\u00f1ailillo, en el Palacio de La Moneda, sede del gobierno, en Santiago de Chile. &#8220;En la lucha contra el terrorismo, Chile encontrar\u00e1 en Espa\u00f1a a un s\u00f3lido aliado&#8221;\u009d, se jactaba el espa\u00f1ol, mientras era condecorado con la Gran Cruz a la Orden del M\u00e9rito de Chile, &#8220;la m\u00e1xima distinci\u00f3n del pa\u00ed\u00ads al m\u00e9rito civil&#8221;\u009d seg\u00fan la prensa, trofeo que el Estado chileno da en este caso por la labor policial y como premio por la detenci\u00f3n de los compa\u00f1eros M\u00f3nica y Francisco el a\u00f1o pasado.<\/p>\n<p>Adem\u00e1s de elogios y premios, el comercial Fern\u00e1ndez fue a vender un poco de lo suyo: adiestramiento policial, judicial, material represivo variado, etc\u00e9tera.<br \/>\n<strong><br \/>\nY lo que vendr\u00e1&#8230;<\/strong><br \/>\n\u00bfCu\u00e1l es el siguiente paso represivo? No sabemos. De momento poco se sabe de c\u00f3mo se encuentran nuestros compa\u00f1eros y compa\u00f1eras, de qu\u00e9 se les acusa exactamente, a qu\u00e9 medidas represivas ser\u00e1n sometidas, si entran en prisi\u00f3n preventiva o no, etc\u00e9tera.<\/p>\n<p>Lo cierto es que esta operaci\u00f3n no es un hecho aislado, sino que se anilla como un eslab\u00f3n m\u00e1s de una cadena. Una cadena represiva por momentos brutal y por otros sutil, en la que entran desde las nuevas leyes (no hay m\u00e1s que pensar en la reciente Ley Mordaza), el asedio a los sin papeles mediante cada vez m\u00e1s enormes redadas racistas, la brutalidad policial, hasta la aspiraci\u00f3n a gestionar la miseria y administrar la represi\u00f3n, que despu\u00e9s de todo es lo que hace el Estado, por parte de una pseudo-izquierda (con Podemos a la cabeza) que es de manera cada vez m\u00e1s evidente una parodia de s\u00ed\u00ad misma. Desahucios, palos, fascismos, endurecimientos legales y punitivos de toda \u00ed\u00adndole, espejismos nacionalistas y socialdem\u00f3cratas, es lo que nos deparar\u00e1 el presente. No hay que esperar nada peor, lo peor nunca se ha ido.<\/p>\n<p>El abanico de posibilidades del antiterrorismo espa\u00f1ol es un caj\u00f3n de sastre en el que todo cabe. Se encuentra ah\u00ed\u00ad, a la vista, para recordarnos que para el Estado luchar es terrorismo. Funciona como un espantap\u00e1jaros. \u00bfNos vamos a asustar?<\/p>\n<p>El Estado y sus agentes dicen haber abierto la caja de Pandora. En la mitolog\u00ed\u00ada griega, Pandora es el equivalente a la Eva b\u00ed\u00adblica. Con la misoginia caracter\u00ed\u00adstica de ambas mitolog\u00ed\u00adas, Pandora abre su caja, al igual que Eva come su manzana, y libera todos los males que all\u00ed\u00ad se encuentran.<\/p>\n<p>Nosotros somos capaces de crear nuestra propia narraci\u00f3n y pasarnos por donde mejor nos parezca su mierda mitol\u00f3gica. Nuestra historia es diferente. La &#8220;caja&#8221;\u009d que ha abierto esta operaci\u00f3n represiva nos insta a actuar, a no bajar la guardia, a estar atentas a los pasos siguientes de su cuento. Nos hace pensar y repensar cual es el mundo que queremos y cual es la distancia de ese mundo con \u00e9ste. Nos lleva a ver la urgencia de actuar, de seguir adelante.<\/p>\n<p>Las compa\u00f1eras y compa\u00f1eros detenidas forman parte de distintos proyectos, espacios, colectivos, etc\u00e9tera, y es muy importante que esto no decaiga, que la ruina (en todos los sentidos) a la que suelen llevar este tipo de situaciones no genere impotencia y un sentimiento de par\u00e1lisis.<\/p>\n<p>Siempre decimos que &#8220;la mejor solidaridad es continuar la lucha&#8221;\u009d. Vale, pero \u00bfqu\u00e9 significa en la pr\u00e1ctica eso? Tambi\u00e9n coreamos que &#8220;si tocan a unas nos tocan a todas&#8221;\u009d. Esto se ha dejado evidenciar en las respuestas y protestas que hubieron en diferentes puntos, as\u00ed\u00ad como el calor incondicional de las compas que est\u00e1n fuera.<\/p>\n<p>De una cosa podemos estar seguras, y es que las compa\u00f1eras y compa\u00f1eros detenidos pueden sentir ese calor que traspasa los barrotes y el aislamiento, porque es ese mismo calor que en diferentes ocasiones tambi\u00e9n ellas han sabido dar.<br \/>\n<strong><br \/>\nBarcelona, 18 de diciembre de 2014<\/strong><\/p>\n","protected":false},"excerpt":{"rendered":"<p>La ma\u00f1ana del martes 16 de diciembre nos ha sorprendido con una oleada de registros y detenciones&#8230; \u00bfNos ha sorprendido? No vamos a mentir. Volvamos a empezar. La ma\u00f1ana del martes 16 de diciembre NO nos ha sorprendido. La polic\u00ed\u00ada auton\u00f3mica catalana, los Mossos d&#8217;Esquadra, la Guardia Civil y agentes judiciales de la Audiencia Nacional&#8230;  <a href=\"https:\/\/diariodevurgos.com\/dvwps\/la-caja-de-pandora-y-el-cajon-desastre-del-antiterrorismo-espanol.php\" class=\"more-link\" title=\"Read La caja de pandora y el caj\u00f3n desastre del antiterrorismo espa\u00f1ol\">Read more &raquo;<\/a><\/p>\n","protected":false},"author":2,"featured_media":0,"comment_status":"open","ping_status":"closed","sticky":false,"template":"","format":"standard","meta":[],"categories":[49,82,17,7],"tags":[],"_links":{"self":[{"href":"https:\/\/diariodevurgos.com\/dvwps\/wp-json\/wp\/v2\/posts\/14253"}],"collection":[{"href":"https:\/\/diariodevurgos.com\/dvwps\/wp-json\/wp\/v2\/posts"}],"about":[{"href":"https:\/\/diariodevurgos.com\/dvwps\/wp-json\/wp\/v2\/types\/post"}],"author":[{"embeddable":true,"href":"https:\/\/diariodevurgos.com\/dvwps\/wp-json\/wp\/v2\/users\/2"}],"replies":[{"embeddable":true,"href":"https:\/\/diariodevurgos.com\/dvwps\/wp-json\/wp\/v2\/comments?post=14253"}],"version-history":[{"count":2,"href":"https:\/\/diariodevurgos.com\/dvwps\/wp-json\/wp\/v2\/posts\/14253\/revisions"}],"predecessor-version":[{"id":14256,"href":"https:\/\/diariodevurgos.com\/dvwps\/wp-json\/wp\/v2\/posts\/14253\/revisions\/14256"}],"wp:attachment":[{"href":"https:\/\/diariodevurgos.com\/dvwps\/wp-json\/wp\/v2\/media?parent=14253"}],"wp:term":[{"taxonomy":"category","embeddable":true,"href":"https:\/\/diariodevurgos.com\/dvwps\/wp-json\/wp\/v2\/categories?post=14253"},{"taxonomy":"post_tag","embeddable":true,"href":"https:\/\/diariodevurgos.com\/dvwps\/wp-json\/wp\/v2\/tags?post=14253"}],"curies":[{"name":"wp","href":"https:\/\/api.w.org\/{rel}","templated":true}]}}