{"id":14257,"date":"2014-12-20T18:07:39","date_gmt":"2014-12-20T17:07:39","guid":{"rendered":"http:\/\/diariodevurgos.com\/dvwps\/?p=14257"},"modified":"2014-12-20T18:07:39","modified_gmt":"2014-12-20T17:07:39","slug":"la-asamblea-de-gamonal-y-csr-expresan-su-solidaridad-con-los-anarquistas-detenidos","status":"publish","type":"post","link":"https:\/\/diariodevurgos.com\/dvwps\/la-asamblea-de-gamonal-y-csr-expresan-su-solidaridad-con-los-anarquistas-detenidos.php","title":{"rendered":"La Asamblea de Gamonal y CSR expresan su solidaridad con los anarquistas detenidos"},"content":{"rendered":"<p class=\"lead\">A trav\u00e9s de un comunicado publicado en <a href=\"https:\/\/gamonalniunpasoatras.wordpress.com\/2014\/12\/19\/la-asamblea-de-gamonal-y-el-c-s-r-expresan-su-solidaridad-con-los-anarquistasdetenidos\/\">su blog<\/a> la<strong> Asamblea de Gamonal<\/strong> expresa su solidaridad con los anarquistas recientemente detenidos en Barcelona y Madrid en el contexto de la denominada &#8220;Operaci\u00f3n Pandora&#8221;\u009d realizando un llamamiento acudir esta tarde a la <a href=\"http:\/\/diariodevurgos.com\/dvwps\/el-20-de-diciembre-todxs-a-la-calle-contra-la-ley-mordaza.php\">manifestaci\u00f3n contra la Ley Mordaza convocada en Burgos a partir de las 20.00 horas en la Plaza del Cid.<\/a> El comunicad tambi\u00e9n lo suscribe el <strong>CSR Gamonal <\/strong>manifestando la exigencia de puesta\u00a0 en libertad de los libertarios encarcelados y el fin de la represi\u00f3n.<\/p>\n<p style=\"text-align: center;\"><img loading=\"lazy\" class=\"aligncenter size-full wp-image-14258\" title=\"Ley Mordaza\" src=\"http:\/\/diariodevurgos.com\/dvwps\/wp-content\/uploads\/2014\/12\/Ley-Mordaza.jpg\" alt=\"Ley Mordaza\" width=\"369\" height=\"136\" srcset=\"https:\/\/diariodevurgos.com\/dvwps\/wp-content\/uploads\/2014\/12\/Ley-Mordaza.jpg 369w, https:\/\/diariodevurgos.com\/dvwps\/wp-content\/uploads\/2014\/12\/Ley-Mordaza-300x110.jpg 300w\" sizes=\"(max-width: 369px) 100vw, 369px\" \/><\/p>\n<p><!--more--><\/p>\n<p>Ante las detenciones de personas vinculadas al movimiento libertario que se han producido en Madrid y Barcelona, la Asamblea de Gamonal y el Centro Social Recuperado de Gamonal manifiestan su solidaridad con ellas, y se suman a las exigencias de su puesta en libertad y del fin de la represi\u00f3n.<\/p>\n<p>Est\u00e1 claro que el gobierno quiere asustarnos. Llaman terroristas a los detenidos para que sintamos miedo de ellos. Pero no funciona; tenemos muy claro qui\u00e9n es peligroso. Sabemos de sobra qui\u00e9n nos condena a la miseria, qui\u00e9n se llena los bolsillos a nuestra costa y qui\u00e9n nos reprime. Y no son los anarquistas.<\/p>\n<p>En nuestro barrio sabemos ya mucho sobre la criminalizaci\u00f3n de la protesta. En la lucha de Enero, tanto la Subdelegaci\u00f3n del Gobierno y la polic\u00ed\u00ada como algunos medios de comunicaci\u00f3n trataron de dividir a los vecinos y vecinas que luch\u00e1bamos en la calle. Intentaron estigmatizar a las personas que profesaban ideolog\u00ed\u00adas contrarias al sistema pol\u00ed\u00adtico y econ\u00f3mico que nos toca padecer. No lo consiguieron, y todas juntas continuamos la pelea hasta vencer, sin enfrentarnos entre nosotras ni condenar a nadie. Cada uno tiene su forma de ver el mundo, pero lo que nos une son las ganas de conseguir cambios y poder decidir sobre nuestras propias vidas. Si el poder consigue dividirnos, somos d\u00e9biles. Pero unidos, unidas, podemos plantarle cara. Por eso tratan de separarnos y aislarnos.<\/p>\n<p>Por otro lado, este s\u00e1bado, muchos pueblos, barrios y ciudades saldr\u00e1n a manifestarse contra la Ley Mordaza. Desde la Asamblea de Gamonal y el C.S.R. queremos apoyar esta movilizaci\u00f3n, que tendr\u00e1 lugar en la Plaza del Cid a las 20 horas. Debemos pelear contra este nuevo recorte de libertades, y tambi\u00e9n tenemos que acordarnos de aquellas personas que est\u00e1n detenidas, encarceladas o procesadas por luchar. Sin ellas, somos menos, y se las echa en falta. No las olvidemos ni permitamos que queden abandonadas.<\/p>\n","protected":false},"excerpt":{"rendered":"<p>A trav\u00e9s de un comunicado publicado en su blog la Asamblea de Gamonal expresa su solidaridad con los anarquistas recientemente detenidos en Barcelona y Madrid en el contexto de la denominada &#8220;Operaci\u00f3n Pandora&#8221;\u009d realizando un llamamiento acudir esta tarde a la manifestaci\u00f3n contra la Ley Mordaza convocada en Burgos a partir de las 20.00 horas&#8230;  <a href=\"https:\/\/diariodevurgos.com\/dvwps\/la-asamblea-de-gamonal-y-csr-expresan-su-solidaridad-con-los-anarquistas-detenidos.php\" class=\"more-link\" title=\"Read La Asamblea de Gamonal y CSR expresan su solidaridad con los anarquistas detenidos\">Read more &raquo;<\/a><\/p>\n","protected":false},"author":2,"featured_media":0,"comment_status":"open","ping_status":"closed","sticky":false,"template":"","format":"standard","meta":[],"categories":[75,2,57,78,27,49,82,17],"tags":[],"_links":{"self":[{"href":"https:\/\/diariodevurgos.com\/dvwps\/wp-json\/wp\/v2\/posts\/14257"}],"collection":[{"href":"https:\/\/diariodevurgos.com\/dvwps\/wp-json\/wp\/v2\/posts"}],"about":[{"href":"https:\/\/diariodevurgos.com\/dvwps\/wp-json\/wp\/v2\/types\/post"}],"author":[{"embeddable":true,"href":"https:\/\/diariodevurgos.com\/dvwps\/wp-json\/wp\/v2\/users\/2"}],"replies":[{"embeddable":true,"href":"https:\/\/diariodevurgos.com\/dvwps\/wp-json\/wp\/v2\/comments?post=14257"}],"version-history":[{"count":1,"href":"https:\/\/diariodevurgos.com\/dvwps\/wp-json\/wp\/v2\/posts\/14257\/revisions"}],"predecessor-version":[{"id":14259,"href":"https:\/\/diariodevurgos.com\/dvwps\/wp-json\/wp\/v2\/posts\/14257\/revisions\/14259"}],"wp:attachment":[{"href":"https:\/\/diariodevurgos.com\/dvwps\/wp-json\/wp\/v2\/media?parent=14257"}],"wp:term":[{"taxonomy":"category","embeddable":true,"href":"https:\/\/diariodevurgos.com\/dvwps\/wp-json\/wp\/v2\/categories?post=14257"},{"taxonomy":"post_tag","embeddable":true,"href":"https:\/\/diariodevurgos.com\/dvwps\/wp-json\/wp\/v2\/tags?post=14257"}],"curies":[{"name":"wp","href":"https:\/\/api.w.org\/{rel}","templated":true}]}}