{"id":14408,"date":"2015-01-16T20:22:18","date_gmt":"2015-01-16T19:22:18","guid":{"rendered":"http:\/\/diariodevurgos.com\/dvwps\/?p=14408"},"modified":"2015-01-16T20:23:37","modified_gmt":"2015-01-16T19:23:37","slug":"nueva-manifestacion-en-gamonal-y-entierro-de-la-codicia-la-soberbia-y-la-avaricia","status":"publish","type":"post","link":"https:\/\/diariodevurgos.com\/dvwps\/nueva-manifestacion-en-gamonal-y-entierro-de-la-codicia-la-soberbia-y-la-avaricia.php","title":{"rendered":"Nueva manifestaci\u00f3n en Gamonal y entierro de la  Codicia, la Soberbia y la Avaricia"},"content":{"rendered":"<p class=\"lead\">La <a href=\"https:\/\/gamonalniunpasoatras.wordpress.com\/2015\/01\/05\/estamos-de-aniversario\/\">programaci\u00f3n del calendario de actividades<\/a> elaborado para celebrar <strong>el primer aniversario de la revuelta de Gamonal<\/strong> enfila ya su recta final en un segundo fin de semana en el que se desarrollar\u00e1n diversas iniciativas. Desde el pasado 9 de nero y hasta el pr\u00f3ximo domingo 18,\u00a0 los vecinos del barrio est\u00e1n rememorando la lucha que hace un a\u00f1o hizo que Gamonal venciese a los poderes f\u00e1cticos de la ciudad y se convirtiese en un s\u00ed\u00admbolo de resistencia y esperanza.<\/p>\n<p style=\"text-align: center;\"><img loading=\"lazy\" class=\"aligncenter size-full wp-image-14409\" title=\"Manifestaci\u00f3n Gamonal\" src=\"http:\/\/diariodevurgos.com\/dvwps\/wp-content\/uploads\/2015\/01\/Manifestaci\u00f3n-Gamonal.jpg\" alt=\"Manifestaci\u00f3n Gamonal\" width=\"382\" height=\"286\" srcset=\"https:\/\/diariodevurgos.com\/dvwps\/wp-content\/uploads\/2015\/01\/Manifestaci\u00f3n-Gamonal.jpg 600w, https:\/\/diariodevurgos.com\/dvwps\/wp-content\/uploads\/2015\/01\/Manifestaci\u00f3n-Gamonal-300x225.jpg 300w\" sizes=\"(max-width: 382px) 100vw, 382px\" \/><\/p>\n<p>El <strong>s\u00e1bado 17 de enero<\/strong> tendr\u00e1 lugar una <strong>nueva manifestaci\u00f3n en recuerdo de la lucha de los vecinos de Gamonal <\/strong>y en solidaridad de con los encausados en el conflicto contra el bulevar. La iniciativa dar\u00e1 comienzo a partir de las <strong>19.00 horas <\/strong>con una concentraci\u00f3n en la <strong>Zona Cero<\/strong> desde la que se partir\u00e1 en <strong>manifestaci\u00f3n hasta la Subdelegaci\u00f3n del Gobierno<\/strong> a partir de las <strong>20.00 horas.<\/strong><\/p>\n<p style=\"text-align: center;\"><strong><img loading=\"lazy\" class=\"aligncenter size-full wp-image-14410\" title=\"Funeral anterior\" src=\"http:\/\/diariodevurgos.com\/dvwps\/wp-content\/uploads\/2015\/01\/Funeral-anterior.jpg\" alt=\"Funeral anterior\" width=\"381\" height=\"261\" \/><br \/>\n<\/strong><\/p>\n<p>El <strong>domingo 18 de enero<\/strong> se llevar\u00e1 a cabo<em> El entierro de la Codicia, la Soberbia y la Avaricia<\/em> que dar\u00e1 comienzo a partir de las <strong>12.00 horas <\/strong>desde las inmediaciones de la <strong>Real y Antigua de Gamonal <\/strong>para concluir en la <strong>Plaza San Bruno<\/strong> donde se realizar\u00e1 un pincho solidario.<\/p>\n","protected":false},"excerpt":{"rendered":"<p>La programaci\u00f3n del calendario de actividades elaborado para celebrar el primer aniversario de la revuelta de Gamonal enfila ya su recta final en un segundo fin de semana en el que se desarrollar\u00e1n diversas iniciativas. Desde el pasado 9 de nero y hasta el pr\u00f3ximo domingo 18,\u00a0 los vecinos del barrio est\u00e1n rememorando la lucha&#8230;  <a href=\"https:\/\/diariodevurgos.com\/dvwps\/nueva-manifestacion-en-gamonal-y-entierro-de-la-codicia-la-soberbia-y-la-avaricia.php\" class=\"more-link\" title=\"Read Nueva manifestaci\u00f3n en Gamonal y entierro de la  Codicia, la Soberbia y la Avaricia\">Read more &raquo;<\/a><\/p>\n","protected":false},"author":2,"featured_media":0,"comment_status":"open","ping_status":"closed","sticky":false,"template":"","format":"standard","meta":[],"categories":[75,61,2,57,27],"tags":[],"_links":{"self":[{"href":"https:\/\/diariodevurgos.com\/dvwps\/wp-json\/wp\/v2\/posts\/14408"}],"collection":[{"href":"https:\/\/diariodevurgos.com\/dvwps\/wp-json\/wp\/v2\/posts"}],"about":[{"href":"https:\/\/diariodevurgos.com\/dvwps\/wp-json\/wp\/v2\/types\/post"}],"author":[{"embeddable":true,"href":"https:\/\/diariodevurgos.com\/dvwps\/wp-json\/wp\/v2\/users\/2"}],"replies":[{"embeddable":true,"href":"https:\/\/diariodevurgos.com\/dvwps\/wp-json\/wp\/v2\/comments?post=14408"}],"version-history":[{"count":4,"href":"https:\/\/diariodevurgos.com\/dvwps\/wp-json\/wp\/v2\/posts\/14408\/revisions"}],"predecessor-version":[{"id":14414,"href":"https:\/\/diariodevurgos.com\/dvwps\/wp-json\/wp\/v2\/posts\/14408\/revisions\/14414"}],"wp:attachment":[{"href":"https:\/\/diariodevurgos.com\/dvwps\/wp-json\/wp\/v2\/media?parent=14408"}],"wp:term":[{"taxonomy":"category","embeddable":true,"href":"https:\/\/diariodevurgos.com\/dvwps\/wp-json\/wp\/v2\/categories?post=14408"},{"taxonomy":"post_tag","embeddable":true,"href":"https:\/\/diariodevurgos.com\/dvwps\/wp-json\/wp\/v2\/tags?post=14408"}],"curies":[{"name":"wp","href":"https:\/\/api.w.org\/{rel}","templated":true}]}}