{"id":14445,"date":"2015-01-21T22:34:04","date_gmt":"2015-01-21T21:34:04","guid":{"rendered":"http:\/\/diariodevurgos.com\/dvwps\/?p=14445"},"modified":"2015-01-21T22:34:04","modified_gmt":"2015-01-21T21:34:04","slug":"mesa-redonda-en-palencia-sobre-el-expolio-de-los-bienes-comunales","status":"publish","type":"post","link":"https:\/\/diariodevurgos.com\/dvwps\/mesa-redonda-en-palencia-sobre-el-expolio-de-los-bienes-comunales.php","title":{"rendered":"Mesa redonda en Palencia sobre el expolio de los bienes comunales"},"content":{"rendered":"<p class=\"lead\">El Ateneo Libertario de Palencia &#8220;Eduardo de Guzm\u00e1n&#8221;\u009d de la Confederaci\u00f3n Nacional del Trabajo (CNT) de Palencia tiene el placer de presentar una Mesa Redonda que tendr\u00e1 lugar en la <strong>Biblioteca P\u00fablica de Palencia <\/strong>el <strong>viernes 30 de enero a las 18.45h<\/strong>.<\/p>\n<p style=\"text-align: center;\"><img loading=\"lazy\" class=\"aligncenter size-full wp-image-14446\" title=\"bienes comunales web\" src=\"http:\/\/diariodevurgos.com\/dvwps\/wp-content\/uploads\/2015\/01\/bienes-comunales-web.jpg\" alt=\"bienes comunales web\" width=\"307\" height=\"434\" \/><\/p>\n<p style=\"text-align: center;\">\n<p><!--more--><\/p>\n<p>Los Objetivos del acto es hacer difusi\u00f3n del medio de gobierno a trav\u00e9s de una democracia participativa de los habitantes de un lugar que gestionaban y gestionan entre todxs, las necesidades comunes. Estamos viviendo un momento en el que la participaci\u00f3n ciudadana y campesina es necesaria porque no podemos perder el tipo de autogobierno que ya existe en nuestro medio rural. Tenemos que conservarlo antes de que nos lo expolien.<\/p>\n<p>Actualmente existen miles de juntas vecinales esparcidas por toda la Pen\u00ed\u00adnsula Ib\u00e9rica y muy especialmente en el norte de la provincia de Palencia, \u00e9stas han visto c\u00f3mo despu\u00e9s de que se presentase la Ley Montoro \/ Ley de Racionalizaci\u00f3n y Sostenibilidad de la Administraci\u00f3n Local \/ se les ha dado el plazo de un a\u00f1o para la rendici\u00f3n de las cuentas de los \u00faltimos 5 a\u00f1os. A pesar de que nunca ten\u00ed\u00adan que presentarlas, ya que carec\u00ed\u00adan de \u00f3rgano de gesti\u00f3n tributaria para ello. Ahora, si no las presentaban a tiempo, de plazo hasta el 31 de diciembre de 2014 (ya pasado), la Ley Montoro, les quitar\u00e1 la capacidad jur\u00ed\u00addica de gesti\u00f3n de sus bienes comunales. Y tambi\u00e9n quieren que se disuelvan las propias Juntas Vecinales que gestionan las millones de hect\u00e1reas de tierra que existen por toda la Pen\u00ed\u00adnsula.<\/p>\n<p>La Mesa Redonda estar\u00e1 formada de los siguientes ponentes:<br \/>\n1.Carlos Lamalfa: Abogado y Secretario de la Federaci\u00f3n Palentina de Entidades Locales Menores<br \/>\n2.Jer\u00f3nimo Aguado &#8220;Jeromo&#8221;\u009d: Activista campesino perteneciente a la Universi-dad Rural Paulo Freire y a la Plataforma Rural de Amayuelas de Abajo, Palencia<br \/>\n3.Cristal Alaejos: Integrante de la red &#8220;Stop Expolio de los Bienes Comunales&#8221;\u009d y perteneciente al grupo de creadorxs del v\u00ed\u00addeo &#8220;Stop Expolio&#8221;\u009d. Procedente de Le\u00f3n<br \/>\n4.Qoliya: compa\u00f1ero de la Confederaci\u00f3n Nacional del Trabajo de Valladolid<\/p>\n","protected":false},"excerpt":{"rendered":"<p>El Ateneo Libertario de Palencia &#8220;Eduardo de Guzm\u00e1n&#8221;\u009d de la Confederaci\u00f3n Nacional del Trabajo (CNT) de Palencia tiene el placer de presentar una Mesa Redonda que tendr\u00e1 lugar en la Biblioteca P\u00fablica de Palencia el viernes 30 de enero a las 18.45h.<\/p>\n","protected":false},"author":2,"featured_media":0,"comment_status":"open","ping_status":"closed","sticky":false,"template":"","format":"standard","meta":[],"categories":[57,26,49],"tags":[],"_links":{"self":[{"href":"https:\/\/diariodevurgos.com\/dvwps\/wp-json\/wp\/v2\/posts\/14445"}],"collection":[{"href":"https:\/\/diariodevurgos.com\/dvwps\/wp-json\/wp\/v2\/posts"}],"about":[{"href":"https:\/\/diariodevurgos.com\/dvwps\/wp-json\/wp\/v2\/types\/post"}],"author":[{"embeddable":true,"href":"https:\/\/diariodevurgos.com\/dvwps\/wp-json\/wp\/v2\/users\/2"}],"replies":[{"embeddable":true,"href":"https:\/\/diariodevurgos.com\/dvwps\/wp-json\/wp\/v2\/comments?post=14445"}],"version-history":[{"count":2,"href":"https:\/\/diariodevurgos.com\/dvwps\/wp-json\/wp\/v2\/posts\/14445\/revisions"}],"predecessor-version":[{"id":14448,"href":"https:\/\/diariodevurgos.com\/dvwps\/wp-json\/wp\/v2\/posts\/14445\/revisions\/14448"}],"wp:attachment":[{"href":"https:\/\/diariodevurgos.com\/dvwps\/wp-json\/wp\/v2\/media?parent=14445"}],"wp:term":[{"taxonomy":"category","embeddable":true,"href":"https:\/\/diariodevurgos.com\/dvwps\/wp-json\/wp\/v2\/categories?post=14445"},{"taxonomy":"post_tag","embeddable":true,"href":"https:\/\/diariodevurgos.com\/dvwps\/wp-json\/wp\/v2\/tags?post=14445"}],"curies":[{"name":"wp","href":"https:\/\/api.w.org\/{rel}","templated":true}]}}