{"id":14524,"date":"2015-02-12T00:30:36","date_gmt":"2015-02-11T23:30:36","guid":{"rendered":"http:\/\/diariodevurgos.com\/dvwps\/?p=14524"},"modified":"2015-02-12T00:31:24","modified_gmt":"2015-02-11T23:31:24","slug":"contra-la-democracia-o-cuando-publicar-un-libro-puede-ser-delito-de-terrorismo","status":"publish","type":"post","link":"https:\/\/diariodevurgos.com\/dvwps\/contra-la-democracia-o-cuando-publicar-un-libro-puede-ser-delito-de-terrorismo.php","title":{"rendered":"Contra la democracia o cuando publicar un libro puede ser delito de terrorismo"},"content":{"rendered":"<p class=\"lead\">Uno de los rasgos m\u00e1s caracter\u00ed\u00adsticos de la inquisici\u00f3n hisp\u00e1nica fue la persecuci\u00f3n y quema de toda obra bibliogr\u00e1fica que pudiera alterar las bases del pensamiento dominante. Una pr\u00e1ctica que con el tiempo fue copiada y aplicada de manera taxativa por todos los reg\u00ed\u00admenes totalitarios a lo largo de la Historia. Distribuir o simplemente poseer libros prohibidos pod\u00ed\u00ada conducirte directamente a la hoguera o que, cuanto menos, tus huesos dieran en una fr\u00ed\u00ada mazmorra del Santo Oficio.<\/p>\n<p style=\"text-align: center;\"><img loading=\"lazy\" class=\"aligncenter size-full wp-image-14525\" title=\"contra\" src=\"http:\/\/diariodevurgos.com\/dvwps\/wp-content\/uploads\/2015\/02\/contra.jpg\" alt=\"contra\" width=\"253\" height=\"366\" \/><\/p>\n<p>El sumario de la<a href=\"http:\/\/diariodevurgos.com\/dvwps\/la-tormenta-desatada-de-pandora.php\"> Operaci\u00f3n Pandora<\/a>, que llevo a la c\u00e1rcel a 7 anarquistas acusados de &#8220;organizaci\u00f3n terrorista&#8221;\u009d, presenta como indicio acusatorio la posesi\u00f3n del libro <a href=\"http:\/\/es.contrainfo.espivblogs.net\/files\/2014\/07\/contra-la-democracia.pdf\">Contra la democracia<\/a>, publicado por los Grupos Anarquistas Coordinados, muestra como nuestros actuales Estados siguen condenando al \u00ed\u00adndice de libros prohibidos aquellos textos que puedan socavar sus dogmas imperantes. Frente a los engranajes de la inquisici\u00f3n democr\u00e1tica, <strong>\u00bfser\u00e1n los anarquistas los modernos herejes del siglo XXI?<\/strong><\/p>\n","protected":false},"excerpt":{"rendered":"<p>Uno de los rasgos m\u00e1s caracter\u00ed\u00adsticos de la inquisici\u00f3n hisp\u00e1nica fue la persecuci\u00f3n y quema de toda obra bibliogr\u00e1fica que pudiera alterar las bases del pensamiento dominante. Una pr\u00e1ctica que con el tiempo fue copiada y aplicada de manera taxativa por todos los reg\u00ed\u00admenes totalitarios a lo largo de la Historia. Distribuir o simplemente poseer&#8230;  <a href=\"https:\/\/diariodevurgos.com\/dvwps\/contra-la-democracia-o-cuando-publicar-un-libro-puede-ser-delito-de-terrorismo.php\" class=\"more-link\" title=\"Read Contra la democracia o cuando publicar un libro puede ser delito de terrorismo\">Read more &raquo;<\/a><\/p>\n","protected":false},"author":2,"featured_media":0,"comment_status":"open","ping_status":"closed","sticky":false,"template":"","format":"standard","meta":[],"categories":[30,82,8,17],"tags":[],"_links":{"self":[{"href":"https:\/\/diariodevurgos.com\/dvwps\/wp-json\/wp\/v2\/posts\/14524"}],"collection":[{"href":"https:\/\/diariodevurgos.com\/dvwps\/wp-json\/wp\/v2\/posts"}],"about":[{"href":"https:\/\/diariodevurgos.com\/dvwps\/wp-json\/wp\/v2\/types\/post"}],"author":[{"embeddable":true,"href":"https:\/\/diariodevurgos.com\/dvwps\/wp-json\/wp\/v2\/users\/2"}],"replies":[{"embeddable":true,"href":"https:\/\/diariodevurgos.com\/dvwps\/wp-json\/wp\/v2\/comments?post=14524"}],"version-history":[{"count":3,"href":"https:\/\/diariodevurgos.com\/dvwps\/wp-json\/wp\/v2\/posts\/14524\/revisions"}],"predecessor-version":[{"id":14528,"href":"https:\/\/diariodevurgos.com\/dvwps\/wp-json\/wp\/v2\/posts\/14524\/revisions\/14528"}],"wp:attachment":[{"href":"https:\/\/diariodevurgos.com\/dvwps\/wp-json\/wp\/v2\/media?parent=14524"}],"wp:term":[{"taxonomy":"category","embeddable":true,"href":"https:\/\/diariodevurgos.com\/dvwps\/wp-json\/wp\/v2\/categories?post=14524"},{"taxonomy":"post_tag","embeddable":true,"href":"https:\/\/diariodevurgos.com\/dvwps\/wp-json\/wp\/v2\/tags?post=14524"}],"curies":[{"name":"wp","href":"https:\/\/api.w.org\/{rel}","templated":true}]}}