{"id":14587,"date":"2015-02-26T00:08:23","date_gmt":"2015-02-25T23:08:23","guid":{"rendered":"http:\/\/diariodevurgos.com\/dvwps\/?p=14587"},"modified":"2015-02-25T10:12:17","modified_gmt":"2015-02-25T09:12:17","slug":"a-cantar-las-marzas-en-gamonal","status":"publish","type":"post","link":"https:\/\/diariodevurgos.com\/dvwps\/a-cantar-las-marzas-en-gamonal.php","title":{"rendered":"A cantar las Marzas en Gamonal"},"content":{"rendered":"<p class=\"lead\">Por segundo a\u00f1o se volver\u00e1n a cantar las marzas en Gamonal. Unas marzas que mezclan las tradicionales de la provincia de Burgos con toques m\u00e1s actuales y reivindicativos.<\/p>\n<p>As\u00ed\u00ad que animaos, venid a ensayar y conocer m\u00e1s sobre estos cantos tradicionales del norte de la pen\u00ed\u00adnsula, el<strong> jueves 26 a las 20:00 en el CSR Gamonal<\/strong>. Durante <strong>el s\u00e1bado 28 <\/strong>habr\u00e1 dulzaineros amenizando la noche, a partir de las <strong>23:30<\/strong> en el<strong> CSR <\/strong>y luego en la calle enfrente de la antigua. A las <strong>12.oo de la noche se cantaran las marzas<\/strong>. Todo el mundo: j\u00f3venes, mayores, hombres, mujeres y ni\u00f1os. A la calle el d\u00ed\u00ada 28 y a cantar las marzas del barrio.<\/p>\n<p style=\"text-align: center;\"><img loading=\"lazy\" class=\"aligncenter size-full wp-image-14588\" title=\"Marzas Gamonaljpg\" src=\"http:\/\/diariodevurgos.com\/dvwps\/wp-content\/uploads\/2015\/02\/Marzas-Gamonaljpg.jpg\" alt=\"Marzas Gamonaljpg\" width=\"267\" height=\"376\" \/><\/p>\n","protected":false},"excerpt":{"rendered":"<p>Por segundo a\u00f1o se volver\u00e1n a cantar las marzas en Gamonal. Unas marzas que mezclan las tradicionales de la provincia de Burgos con toques m\u00e1s actuales y reivindicativos. As\u00ed\u00ad que animaos, venid a ensayar y conocer m\u00e1s sobre estos cantos tradicionales del norte de la pen\u00ed\u00adnsula, el jueves 26 a las 20:00 en el CSR&#8230;  <a href=\"https:\/\/diariodevurgos.com\/dvwps\/a-cantar-las-marzas-en-gamonal.php\" class=\"more-link\" title=\"Read A cantar las Marzas en Gamonal\">Read more &raquo;<\/a><\/p>\n","protected":false},"author":2,"featured_media":0,"comment_status":"open","ping_status":"closed","sticky":false,"template":"","format":"standard","meta":[],"categories":[2,57,78,27],"tags":[],"_links":{"self":[{"href":"https:\/\/diariodevurgos.com\/dvwps\/wp-json\/wp\/v2\/posts\/14587"}],"collection":[{"href":"https:\/\/diariodevurgos.com\/dvwps\/wp-json\/wp\/v2\/posts"}],"about":[{"href":"https:\/\/diariodevurgos.com\/dvwps\/wp-json\/wp\/v2\/types\/post"}],"author":[{"embeddable":true,"href":"https:\/\/diariodevurgos.com\/dvwps\/wp-json\/wp\/v2\/users\/2"}],"replies":[{"embeddable":true,"href":"https:\/\/diariodevurgos.com\/dvwps\/wp-json\/wp\/v2\/comments?post=14587"}],"version-history":[{"count":1,"href":"https:\/\/diariodevurgos.com\/dvwps\/wp-json\/wp\/v2\/posts\/14587\/revisions"}],"predecessor-version":[{"id":14589,"href":"https:\/\/diariodevurgos.com\/dvwps\/wp-json\/wp\/v2\/posts\/14587\/revisions\/14589"}],"wp:attachment":[{"href":"https:\/\/diariodevurgos.com\/dvwps\/wp-json\/wp\/v2\/media?parent=14587"}],"wp:term":[{"taxonomy":"category","embeddable":true,"href":"https:\/\/diariodevurgos.com\/dvwps\/wp-json\/wp\/v2\/categories?post=14587"},{"taxonomy":"post_tag","embeddable":true,"href":"https:\/\/diariodevurgos.com\/dvwps\/wp-json\/wp\/v2\/tags?post=14587"}],"curies":[{"name":"wp","href":"https:\/\/api.w.org\/{rel}","templated":true}]}}