{"id":14649,"date":"2015-03-09T21:04:21","date_gmt":"2015-03-09T20:04:21","guid":{"rendered":"http:\/\/diariodevurgos.com\/dvwps\/?p=14649"},"modified":"2015-03-11T22:43:11","modified_gmt":"2015-03-11T21:43:11","slug":"jornadas-en-apoyo-a-lxs-represaliadxs-por-luchar","status":"publish","type":"post","link":"https:\/\/diariodevurgos.com\/dvwps\/jornadas-en-apoyo-a-lxs-represaliadxs-por-luchar.php","title":{"rendered":"Jornadas en apoyo a lxs represaliadxs por luchar"},"content":{"rendered":"<p class=\"lead\">Desde el <strong>CSR de gamanal<\/strong> se han organizado unas jornadas en apoyo a las personas represaliadas por luchar y en contra de la criminalizaci\u00f3n de los movimientos sociales , <strong>comenzado este jueves 12 de marzo <\/strong>con:<\/p>\n<ul>\n<li><strong>19.30:\u00a0charla-debate:\u00bbTorturas en las carceles y negocio penitenciario\u00bb<\/strong> a cargo de la revista anticarcelaria Punto de Fuga<\/li>\n<\/ul>\n<p><em>En las c\u00e1rceles del Estado espa\u00f1ol, al igual que en las comisar\u00ed\u00adas y en otros lugares o situaciones bajo control de las \u00abfuerzas de seguridad\u00bb se producen sistem\u00e1ticamente situaciones de tortura, tanto psicol\u00f3gica como f\u00ed\u00adsica, especialmente contra las personas que participan en movimientos sociales y contestatarios (es decir, que luchan por un mundo mejor). Algo deplorable y vergonzoso, que ha sido denunciado por numerosas asociaciones de derechos humanos. El colectivo editor de la revista \u00abPunto de fuga\u00bb nos hablar\u00e1 de la situaci\u00f3n en las prisiones espa\u00f1olas.<\/em><\/p>\n<ul>\n<li><strong><em>21:30CONCIERTO :<\/em><em>BUTERFLAI<\/em><\/strong><\/li>\n<\/ul>\n<p><em>Nos presentar\u00e1 canciones de su segundo disco \u00abRefranero agr\u00ed\u00adcola\u00bb, as\u00ed\u00ad como otras conocidas, con un claro mensaje combativo y solidario. Con su poderoso torrente de voz y unas letras que no te dejar\u00e1n indiferente. Puedes escucharlo pinchando<a title=\"Enlace al disco refranero agr\u00ed\u00adcola\" href=\"https:\/\/refraneroagricola.wordpress.com\/\" target=\"_blank\"> aqu\u00ed\u00ad <\/a><\/em><\/p>\n<p><em> <\/em><\/p>\n<div id=\"_mcePaste\" style=\"position: absolute; left: -10000px; top: 0px; width: 1px; height: 1px; overflow: hidden;\">debate:\u00bbTorturas en las carceles y negocio penitenciario\u00bb a cargo de la revista anticarcelaria Punto de Fuga.<\/div>\n<div id=\"_mcePaste\" style=\"position: absolute; left: -10000px; top: 0px; width: 1px; height: 1px; overflow: hidden;\">En las c\u00e1rceles del Estado espa\u00f1ol, al igual que en las comisar\u00ed\u00adas y en otros lugares o situaciones bajo control de las \u00abfuerzas de seguridad\u00bb se producen sistem\u00e1ticamente situaciones de tortura, tanto psicol\u00f3gica como f\u00ed\u00adsica, especialmente contra las personas que participan en movimientos sociales y contestatarios (es decir, que luchan por un mundo mejor). Algo deplorable y vergonzoso, que ha sido denunciado por numerosas asociaciones de derechos humanos. El colectivo editor de la revista \u00abPunto de fuga\u00bb nos hablar\u00e1 de la situaci\u00f3n en las prisiones espa\u00f1oldebate:\u00bbTorturas en las carceles y negocio penitenciario\u00bb a cargo de la revista anticarcelaria Punto de Fuga.<\/div>\n<a href=\"http:\/\/diariodevurgos.com\/dvwps\/wp-content\/uploads\/2015\/03\/Dibujo.bmp\"><img decoding=\"async\" class=\"aligncenter size-full wp-image-14650\" title=\"Dibujo\" src=\"http:\/\/diariodevurgos.com\/dvwps\/wp-content\/uploads\/2015\/03\/Dibujo.bmp\" alt=\"Dibujo\" \/><\/a>\n","protected":false},"excerpt":{"rendered":"<p>Desde el CSR de gamanal se han organizado unas jornadas en apoyo a las personas represaliadas por luchar y en contra de la criminalizaci\u00f3n de los movimientos sociales , comenzado este jueves 12 de marzo con: 19.30:\u00a0charla-debate:\u00bbTorturas en las carceles y negocio penitenciario\u00bb a cargo de la revista anticarcelaria Punto de Fuga En las c\u00e1rceles&#8230;  <a href=\"https:\/\/diariodevurgos.com\/dvwps\/jornadas-en-apoyo-a-lxs-represaliadxs-por-luchar.php\" class=\"more-link\" title=\"Read Jornadas en apoyo a lxs represaliadxs por luchar\">Read more &raquo;<\/a><\/p>\n","protected":false},"author":8,"featured_media":0,"comment_status":"open","ping_status":"closed","sticky":false,"template":"","format":"standard","meta":{"footnotes":""},"categories":[2,22,57,78],"tags":[],"class_list":["post-14649","post","type-post","status-publish","format-standard","hentry","category-burgos","category-carcel-y-press","category-convocatoria","category-csr-gamonal"],"_links":{"self":[{"href":"https:\/\/diariodevurgos.com\/dvwps\/wp-json\/wp\/v2\/posts\/14649","targetHints":{"allow":["GET"]}}],"collection":[{"href":"https:\/\/diariodevurgos.com\/dvwps\/wp-json\/wp\/v2\/posts"}],"about":[{"href":"https:\/\/diariodevurgos.com\/dvwps\/wp-json\/wp\/v2\/types\/post"}],"author":[{"embeddable":true,"href":"https:\/\/diariodevurgos.com\/dvwps\/wp-json\/wp\/v2\/users\/8"}],"replies":[{"embeddable":true,"href":"https:\/\/diariodevurgos.com\/dvwps\/wp-json\/wp\/v2\/comments?post=14649"}],"version-history":[{"count":3,"href":"https:\/\/diariodevurgos.com\/dvwps\/wp-json\/wp\/v2\/posts\/14649\/revisions"}],"predecessor-version":[{"id":14659,"href":"https:\/\/diariodevurgos.com\/dvwps\/wp-json\/wp\/v2\/posts\/14649\/revisions\/14659"}],"wp:attachment":[{"href":"https:\/\/diariodevurgos.com\/dvwps\/wp-json\/wp\/v2\/media?parent=14649"}],"wp:term":[{"taxonomy":"category","embeddable":true,"href":"https:\/\/diariodevurgos.com\/dvwps\/wp-json\/wp\/v2\/categories?post=14649"},{"taxonomy":"post_tag","embeddable":true,"href":"https:\/\/diariodevurgos.com\/dvwps\/wp-json\/wp\/v2\/tags?post=14649"}],"curies":[{"name":"wp","href":"https:\/\/api.w.org\/{rel}","templated":true}]}}