{"id":14662,"date":"2015-03-12T00:06:09","date_gmt":"2015-03-11T23:06:09","guid":{"rendered":"http:\/\/diariodevurgos.com\/dvwps\/?p=14662"},"modified":"2015-03-14T10:20:04","modified_gmt":"2015-03-14T09:20:04","slug":"recordatorioiv-jornadas-de-energia-y-medio-ambiente-en-burgos","status":"publish","type":"post","link":"https:\/\/diariodevurgos.com\/dvwps\/recordatorioiv-jornadas-de-energia-y-medio-ambiente-en-burgos.php","title":{"rendered":"Recordatorio:IV Jornadas de Energ\u00ed\u00ada y Medio Ambiente en Burgos"},"content":{"rendered":"<p class=\"lead\">Desde la asamblea de Burgos contra el fracking se han organizado las IV Jornadas de Energ\u00ed\u00ada y Medio Ambiente que tendran lugar este fin de semana (viernes y s\u00e1bado) en el CSR de Gamonal.<\/p>\n<p>Se recomienda a las\u00a0 personas interesadas en participar en el taller de Hornos solares que lleven los siguientes materiales:<\/p>\n<p>-bandejas de horno negras.<\/p>\n<p>-tetra bricks de un litro de lo que sea, limpio y sin cortar.<\/p>\n<p>&#8211; cart\u00f3nes una caja grande y otra m\u00e1s peque\u00f1a que entre dentro.<br \/>\n-cristales a ser posible tama\u00f1o grande, pero si no los que hay de diferentes tama\u00f1os.<\/p>\n<p>&#8211; varillas met\u00e1licas de 4 mm.<\/p>\n<p>&#8211; peri\u00f3dicos<\/p>\n<p>&#8211; papel de aluminio\u00a0 y cola blanca.<\/p>\n<p><strong>NOTA: Los conciertos se trasladan al s\u00e1bado 14 a las 21 h en el mismo lugar por problemas t\u00e9cnicos, las dem\u00e1s actividades siguen en su horario normal.<\/strong><\/p>\n<p style=\"text-align: center;\"><a href=\"http:\/\/diariodevurgos.com\/dvwps\/wp-content\/uploads\/2015\/02\/CARTEL-JORNADAS.jpg\" target=\"_blank\"><img loading=\"lazy\" class=\"size-medium wp-image-14591 aligncenter\" title=\"CARTEL JORNADAS\" src=\"http:\/\/diariodevurgos.com\/dvwps\/wp-content\/uploads\/2015\/02\/CARTEL-JORNADAS-300x212.jpg\" alt=\"CARTEL JORNADAS\" width=\"300\" height=\"212\" srcset=\"https:\/\/diariodevurgos.com\/dvwps\/wp-content\/uploads\/2015\/02\/CARTEL-JORNADAS-300x212.jpg 300w, https:\/\/diariodevurgos.com\/dvwps\/wp-content\/uploads\/2015\/02\/CARTEL-JORNADAS-1024x724.jpg 1024w\" sizes=\"(max-width: 300px) 100vw, 300px\" \/><\/a><\/p>\n","protected":false},"excerpt":{"rendered":"<p>Desde la asamblea de Burgos contra el fracking se han organizado las IV Jornadas de Energ\u00ed\u00ada y Medio Ambiente que tendran lugar este fin de semana (viernes y s\u00e1bado) en el CSR de Gamonal. Se recomienda a las\u00a0 personas interesadas en participar en el taller de Hornos solares que lleven los siguientes materiales: -bandejas de&#8230;  <a href=\"https:\/\/diariodevurgos.com\/dvwps\/recordatorioiv-jornadas-de-energia-y-medio-ambiente-en-burgos.php\" class=\"more-link\" title=\"Read Recordatorio:IV Jornadas de Energ\u00ed\u00ada y Medio Ambiente en Burgos\">Read more &raquo;<\/a><\/p>\n","protected":false},"author":8,"featured_media":0,"comment_status":"open","ping_status":"closed","sticky":false,"template":"","format":"standard","meta":[],"categories":[2,57,78,54],"tags":[],"_links":{"self":[{"href":"https:\/\/diariodevurgos.com\/dvwps\/wp-json\/wp\/v2\/posts\/14662"}],"collection":[{"href":"https:\/\/diariodevurgos.com\/dvwps\/wp-json\/wp\/v2\/posts"}],"about":[{"href":"https:\/\/diariodevurgos.com\/dvwps\/wp-json\/wp\/v2\/types\/post"}],"author":[{"embeddable":true,"href":"https:\/\/diariodevurgos.com\/dvwps\/wp-json\/wp\/v2\/users\/8"}],"replies":[{"embeddable":true,"href":"https:\/\/diariodevurgos.com\/dvwps\/wp-json\/wp\/v2\/comments?post=14662"}],"version-history":[{"count":4,"href":"https:\/\/diariodevurgos.com\/dvwps\/wp-json\/wp\/v2\/posts\/14662\/revisions"}],"predecessor-version":[{"id":14664,"href":"https:\/\/diariodevurgos.com\/dvwps\/wp-json\/wp\/v2\/posts\/14662\/revisions\/14664"}],"wp:attachment":[{"href":"https:\/\/diariodevurgos.com\/dvwps\/wp-json\/wp\/v2\/media?parent=14662"}],"wp:term":[{"taxonomy":"category","embeddable":true,"href":"https:\/\/diariodevurgos.com\/dvwps\/wp-json\/wp\/v2\/categories?post=14662"},{"taxonomy":"post_tag","embeddable":true,"href":"https:\/\/diariodevurgos.com\/dvwps\/wp-json\/wp\/v2\/tags?post=14662"}],"curies":[{"name":"wp","href":"https:\/\/api.w.org\/{rel}","templated":true}]}}