{"id":14669,"date":"2015-03-13T08:35:07","date_gmt":"2015-03-13T07:35:07","guid":{"rendered":"http:\/\/diariodevurgos.com\/dvwps\/?p=14669"},"modified":"2015-03-13T08:35:07","modified_gmt":"2015-03-13T07:35:07","slug":"xix-marcha-a-la-carcel-de-topas-y-concentracion-contra-la-represion-a-los-movimientos-sociales","status":"publish","type":"post","link":"https:\/\/diariodevurgos.com\/dvwps\/xix-marcha-a-la-carcel-de-topas-y-concentracion-contra-la-represion-a-los-movimientos-sociales.php","title":{"rendered":"XIX marcha a la c\u00e1rcel de Topas y concentraci\u00f3n contra la represi\u00f3n a los movimientos sociales"},"content":{"rendered":"<p class=\"lead\">El pr\u00f3ximo s\u00e1bado 14 de marzo desde la asamblea de la XIX marcha a Topas y diversos colectivos sociales convocan a los salmantinos a denunciar la represi\u00f3n contra los movimientos sociales que est\u00e1n llevando a fuertes multas y pena de prisi\u00f3n. El \u00faltimo ejemplo es el de distrito 14, 19 j\u00f3venes imputado por delitos contra las instituciones del estado por sacar una pancarta en un pleno de la junta del distrito de Moratalaz. Es un claro caso de intento de criminalizar a los movimientos que luchan por la vivienda.<\/p>\n<p style=\"text-align: center;\"><img loading=\"lazy\" class=\"aligncenter size-full wp-image-14670\" title=\"cartel_marchatopas\" src=\"http:\/\/diariodevurgos.com\/dvwps\/wp-content\/uploads\/2015\/03\/cartel_marchatopas.jpg\" alt=\"cartel_marchatopas\" width=\"448\" height=\"317\" srcset=\"https:\/\/diariodevurgos.com\/dvwps\/wp-content\/uploads\/2015\/03\/cartel_marchatopas.jpg 448w, https:\/\/diariodevurgos.com\/dvwps\/wp-content\/uploads\/2015\/03\/cartel_marchatopas-300x212.jpg 300w\" sizes=\"(max-width: 448px) 100vw, 448px\" \/><\/p>\n<p>Las c\u00e1rceles no son sitios de reinserci\u00f3n son penales de castigo donde la gente est\u00e1 en unas situaciones de presi\u00f3n psicol\u00f3gica que hace que acaben peor de lo que entraron y en muchos casos en mueres en extra\u00f1as circunstancias.Por eso esperamos que el s\u00e1bado se llene la plaza del liceo de personas solidarias pidiendo el fin de la represi\u00f3n y la abolici\u00f3n de las c\u00e1rceles.<\/p>\n","protected":false},"excerpt":{"rendered":"<p>El pr\u00f3ximo s\u00e1bado 14 de marzo desde la asamblea de la XIX marcha a Topas y diversos colectivos sociales convocan a los salmantinos a denunciar la represi\u00f3n contra los movimientos sociales que est\u00e1n llevando a fuertes multas y pena de prisi\u00f3n. El \u00faltimo ejemplo es el de distrito 14, 19 j\u00f3venes imputado por delitos contra&#8230;  <a href=\"https:\/\/diariodevurgos.com\/dvwps\/xix-marcha-a-la-carcel-de-topas-y-concentracion-contra-la-represion-a-los-movimientos-sociales.php\" class=\"more-link\" title=\"Read XIX marcha a la c\u00e1rcel de Topas y concentraci\u00f3n contra la represi\u00f3n a los movimientos sociales\">Read more &raquo;<\/a><\/p>\n","protected":false},"author":2,"featured_media":0,"comment_status":"open","ping_status":"closed","sticky":false,"template":"","format":"standard","meta":[],"categories":[22,57,17],"tags":[],"_links":{"self":[{"href":"https:\/\/diariodevurgos.com\/dvwps\/wp-json\/wp\/v2\/posts\/14669"}],"collection":[{"href":"https:\/\/diariodevurgos.com\/dvwps\/wp-json\/wp\/v2\/posts"}],"about":[{"href":"https:\/\/diariodevurgos.com\/dvwps\/wp-json\/wp\/v2\/types\/post"}],"author":[{"embeddable":true,"href":"https:\/\/diariodevurgos.com\/dvwps\/wp-json\/wp\/v2\/users\/2"}],"replies":[{"embeddable":true,"href":"https:\/\/diariodevurgos.com\/dvwps\/wp-json\/wp\/v2\/comments?post=14669"}],"version-history":[{"count":2,"href":"https:\/\/diariodevurgos.com\/dvwps\/wp-json\/wp\/v2\/posts\/14669\/revisions"}],"predecessor-version":[{"id":14672,"href":"https:\/\/diariodevurgos.com\/dvwps\/wp-json\/wp\/v2\/posts\/14669\/revisions\/14672"}],"wp:attachment":[{"href":"https:\/\/diariodevurgos.com\/dvwps\/wp-json\/wp\/v2\/media?parent=14669"}],"wp:term":[{"taxonomy":"category","embeddable":true,"href":"https:\/\/diariodevurgos.com\/dvwps\/wp-json\/wp\/v2\/categories?post=14669"},{"taxonomy":"post_tag","embeddable":true,"href":"https:\/\/diariodevurgos.com\/dvwps\/wp-json\/wp\/v2\/tags?post=14669"}],"curies":[{"name":"wp","href":"https:\/\/api.w.org\/{rel}","templated":true}]}}