{"id":14685,"date":"2015-03-19T19:29:28","date_gmt":"2015-03-19T18:29:28","guid":{"rendered":"http:\/\/diariodevurgos.com\/dvwps\/?p=14685"},"modified":"2015-03-26T21:23:59","modified_gmt":"2015-03-26T20:23:59","slug":"manifestacion-en-apoyo-a-lxs-represaliados-por-luchar","status":"publish","type":"post","link":"https:\/\/diariodevurgos.com\/dvwps\/manifestacion-en-apoyo-a-lxs-represaliados-por-luchar.php","title":{"rendered":"MANIFESTACI\u00ed\u201cN. En apoyo a lxs represaliados por luchar. 18 de abril todxs a Burgos"},"content":{"rendered":"<p class=\"lead\">El pr\u00f3ximo s\u00e1bado 18 de abril se ha convocado una manifestaci\u00f3n en Burgos contra la criminalizaci\u00f3n de los movimientos sociales. Una iniciativa que pretende aunar esfuerzos en apoyo a las personas represaliadas por luchar.\u00a0M\u00e1s informaci\u00f3n<\/p>\n<p style=\"text-align: center;\">[vimeo width=&#8221;600&#8243; height=&#8221;400&#8243;]http:\/\/vimeo.com\/121490403[\/vimeo]<\/p>\n<p><!--more--><\/p>\n<p>El sistema que rige nuestras vidas, el capitalismo, se sustenta en las desigualdades entre una clase opresora (pol\u00ed\u00adticxs empresarixs y banquerxs) y una clase oprimida, el resto de personas. Para que lxs ricxs sean m\u00e1s ricxs y puedan mantener su poder y sus privilegios, sufrimos la p\u00e9rdida de derechos sociales y laborales, vivimos situaciones en las que los bancos nos desahucian, trabajamos en condiciones miserables con salarios indignos, tenemos grandes dificultades para acceder a la sanidad y la educaci\u00f3n a causa de la privatizaci\u00f3n, asistimos a la sobre-explotaci\u00f3n y destrucci\u00f3n del planeta y soportamos la impunidad de pol\u00ed\u00adticos corruptos.<\/p>\n<p>Nuestras condiciones de vida han ido empeorando y ante esto en los \u00faltimos tiempos hemos vivido el auge de las luchas sociales que cuestionando el poder, buscan la transformaci\u00f3n social y demuestran el descontento y las ganas de construir un mundo nuevo recuperando nuestra dignidad.<\/p>\n<p>Quienes concentran el poder, los privilegios y la riqueza no van a renunciar a elllos y utilizan la represi\u00f3n. Tenemos la peor ley de seguridad ciudadana y se nos viene encima una de las reformas\u00b4m\u00e1s represiva del c\u00f3digo penal, todo ello con la finalidad de amedrentar a la poblaci\u00f3n y generar miedo (identificaciones, violencia policial, multas, montajes policiales, penas de c\u00e1rcel&#8230;).<\/p>\n<p>Saldremos juntas a la calle para visualizar el aumento de la represi\u00f3n y para mostrar nuestro apoyo a las personas represaliadas, que se sientan arropadas. Nos seguiremos enfrentando a qui\u00e9n pretenda dirigir nuestras vidas y piedra a piedra construiremos caminos de solidaridad.<\/p>\n<p>Por todo ello exigimos:<\/p>\n<p>La libertad de todas las personas presas.<\/p>\n<p>El cierre de los procesos y anulaci\u00f3n de condenas.<\/p>\n<p>Retirada de multas y sanciones.<\/p>\n<p>Derogaci\u00f3n de la ley mordaza y el c\u00f3digo penal.<\/p>\n<p>El fin de la escalada represiva a los movimientos sociales.<\/p>\n<p><a href=\"https:\/\/piedraapiedraconstruimoscaminosdesolidaridad.files.wordpress.com\/2015\/03\/cartel-mani-burgos1.pdf\">Descargar cartel<\/a><\/p>\n","protected":false},"excerpt":{"rendered":"<p>El pr\u00f3ximo s\u00e1bado 18 de abril se ha convocado una manifestaci\u00f3n en Burgos contra la criminalizaci\u00f3n de los movimientos sociales. Una iniciativa que pretende aunar esfuerzos en apoyo a las personas represaliadas por luchar.\u00a0M\u00e1s informaci\u00f3n [vimeo width=&#8221;600&#8243; height=&#8221;400&#8243;]http:\/\/vimeo.com\/121490403[\/vimeo]<\/p>\n","protected":false},"author":1,"featured_media":0,"comment_status":"open","ping_status":"closed","sticky":false,"template":"","format":"standard","meta":[],"categories":[2,57],"tags":[],"_links":{"self":[{"href":"https:\/\/diariodevurgos.com\/dvwps\/wp-json\/wp\/v2\/posts\/14685"}],"collection":[{"href":"https:\/\/diariodevurgos.com\/dvwps\/wp-json\/wp\/v2\/posts"}],"about":[{"href":"https:\/\/diariodevurgos.com\/dvwps\/wp-json\/wp\/v2\/types\/post"}],"author":[{"embeddable":true,"href":"https:\/\/diariodevurgos.com\/dvwps\/wp-json\/wp\/v2\/users\/1"}],"replies":[{"embeddable":true,"href":"https:\/\/diariodevurgos.com\/dvwps\/wp-json\/wp\/v2\/comments?post=14685"}],"version-history":[{"count":13,"href":"https:\/\/diariodevurgos.com\/dvwps\/wp-json\/wp\/v2\/posts\/14685\/revisions"}],"predecessor-version":[{"id":14723,"href":"https:\/\/diariodevurgos.com\/dvwps\/wp-json\/wp\/v2\/posts\/14685\/revisions\/14723"}],"wp:attachment":[{"href":"https:\/\/diariodevurgos.com\/dvwps\/wp-json\/wp\/v2\/media?parent=14685"}],"wp:term":[{"taxonomy":"category","embeddable":true,"href":"https:\/\/diariodevurgos.com\/dvwps\/wp-json\/wp\/v2\/categories?post=14685"},{"taxonomy":"post_tag","embeddable":true,"href":"https:\/\/diariodevurgos.com\/dvwps\/wp-json\/wp\/v2\/tags?post=14685"}],"curies":[{"name":"wp","href":"https:\/\/api.w.org\/{rel}","templated":true}]}}