{"id":14706,"date":"2015-03-24T21:17:27","date_gmt":"2015-03-24T20:17:27","guid":{"rendered":"http:\/\/diariodevurgos.com\/dvwps\/?p=14706"},"modified":"2015-03-26T17:35:22","modified_gmt":"2015-03-26T16:35:22","slug":"tertulia-cafe-en-la-biblioteca-anarquista-la-maldita-los-hombres-dociles","status":"publish","type":"post","link":"https:\/\/diariodevurgos.com\/dvwps\/tertulia-cafe-en-la-biblioteca-anarquista-la-maldita-los-hombres-dociles.php","title":{"rendered":"Tertulia-caf\u00e9 en la Biblioteca Anarquista La Maldita: Los hombres d\u00f3ciles"},"content":{"rendered":"<p class=\"lead\">Contin\u00faan las<strong> tertulias-caf\u00e9s <\/strong>de los jueves en la <strong>Biblioteca Anarquista La Maldita<\/strong>. En esta ocasi\u00f3n la tertulia girar\u00e1 en torno al texto &#8220;Los Hombres Dociles.\u00a0 Aspirantes taimados a la dignidad de monstruos&#8221;\u009d. Extra\u00ed\u00addo de `&#8221;\u009dEl enigma de la docilidad`&#8221;\u009d de Pedro Garc\u00ed\u00ada Olivo. La iniciativa dar\u00e1 comienzo a las<strong> 18.30 horas<\/strong> el <strong>jueves 26 de abril<\/strong> en la sede habitual de<strong> La Maldita, calle Las Escuelas n.8\u00aa Gamonal.<\/strong><\/p>\n<p style=\"text-align: center;\"><strong><img loading=\"lazy\" class=\"aligncenter size-full wp-image-14707\" title=\"pedro copia\" src=\"http:\/\/diariodevurgos.com\/dvwps\/wp-content\/uploads\/2015\/03\/pedro-copia.jpg\" alt=\"pedro copia\" width=\"288\" height=\"408\" \/><br \/>\n<\/strong><\/p>\n","protected":false},"excerpt":{"rendered":"<p>Contin\u00faan las tertulias-caf\u00e9s de los jueves en la Biblioteca Anarquista La Maldita. En esta ocasi\u00f3n la tertulia girar\u00e1 en torno al texto &#8220;Los Hombres Dociles.\u00a0 Aspirantes taimados a la dignidad de monstruos&#8221;\u009d. Extra\u00ed\u00addo de `&#8221;\u009dEl enigma de la docilidad`&#8221;\u009d de Pedro Garc\u00ed\u00ada Olivo. La iniciativa dar\u00e1 comienzo a las 18.30 horas el jueves 26 de&#8230;  <a href=\"https:\/\/diariodevurgos.com\/dvwps\/tertulia-cafe-en-la-biblioteca-anarquista-la-maldita-los-hombres-dociles.php\" class=\"more-link\" title=\"Read Tertulia-caf\u00e9 en la Biblioteca Anarquista La Maldita: Los hombres d\u00f3ciles\">Read more &raquo;<\/a><\/p>\n","protected":false},"author":2,"featured_media":0,"comment_status":"open","ping_status":"closed","sticky":false,"template":"","format":"standard","meta":[],"categories":[61,2,57,27,47,30,79],"tags":[],"_links":{"self":[{"href":"https:\/\/diariodevurgos.com\/dvwps\/wp-json\/wp\/v2\/posts\/14706"}],"collection":[{"href":"https:\/\/diariodevurgos.com\/dvwps\/wp-json\/wp\/v2\/posts"}],"about":[{"href":"https:\/\/diariodevurgos.com\/dvwps\/wp-json\/wp\/v2\/types\/post"}],"author":[{"embeddable":true,"href":"https:\/\/diariodevurgos.com\/dvwps\/wp-json\/wp\/v2\/users\/2"}],"replies":[{"embeddable":true,"href":"https:\/\/diariodevurgos.com\/dvwps\/wp-json\/wp\/v2\/comments?post=14706"}],"version-history":[{"count":2,"href":"https:\/\/diariodevurgos.com\/dvwps\/wp-json\/wp\/v2\/posts\/14706\/revisions"}],"predecessor-version":[{"id":14713,"href":"https:\/\/diariodevurgos.com\/dvwps\/wp-json\/wp\/v2\/posts\/14706\/revisions\/14713"}],"wp:attachment":[{"href":"https:\/\/diariodevurgos.com\/dvwps\/wp-json\/wp\/v2\/media?parent=14706"}],"wp:term":[{"taxonomy":"category","embeddable":true,"href":"https:\/\/diariodevurgos.com\/dvwps\/wp-json\/wp\/v2\/categories?post=14706"},{"taxonomy":"post_tag","embeddable":true,"href":"https:\/\/diariodevurgos.com\/dvwps\/wp-json\/wp\/v2\/tags?post=14706"}],"curies":[{"name":"wp","href":"https:\/\/api.w.org\/{rel}","templated":true}]}}