{"id":14746,"date":"2015-03-30T23:49:34","date_gmt":"2015-03-30T22:49:34","guid":{"rendered":"http:\/\/diariodevurgos.com\/dvwps\/?p=14746"},"modified":"2015-03-30T23:49:34","modified_gmt":"2015-03-30T22:49:34","slug":"concentracion-en-burgos-en-solidaridad-con-los-anarquistas-detenidos","status":"publish","type":"post","link":"https:\/\/diariodevurgos.com\/dvwps\/concentracion-en-burgos-en-solidaridad-con-los-anarquistas-detenidos.php","title":{"rendered":"Concentraci\u00f3n en Burgos en solidaridad con los anarquistas detenidos"},"content":{"rendered":"<p class=\"lead\">La ma\u00f1ana del lunes amaneci\u00f3 con la noticia de la <a href=\"http:\/\/www.alasbarricadas.org\/noticias\/node\/34082\">en\u00e9sima operaci\u00f3n represiva contra el movimiento libertario<\/a>. La segunda parte de la denominada Operaci\u00f3n pandora se ha saldado con la detenci\u00f3n de 26 anarquistas y el registro y de varios centros sociales diseminados entre las ciudades de Madrid, Barcelona, Granada y Palencia, donde han sido detenidas dos personas y aslatado el <strong>centro social Doble o Nada.<\/strong> Con la excusa del <em>terrorismo<\/em> las instituciones represivas del Estado buscan poner fuera de juego a aquellos movimientos sociales cuyos planteamientos pueden representar una amenaza contra el injusto orden social establecido.<\/p>\n<a href=\"http:\/\/diariodevurgos.com\/dvwps\/wp-content\/uploads\/2015\/03\/Pandora-Burgos.jpg\"><img loading=\"lazy\" class=\"aligncenter  wp-image-14747\" src=\"http:\/\/diariodevurgos.com\/dvwps\/wp-content\/uploads\/2015\/03\/Pandora-Burgos.jpg\" alt=\"Pandora Burgos\" width=\"334\" height=\"188\" srcset=\"https:\/\/diariodevurgos.com\/dvwps\/wp-content\/uploads\/2015\/03\/Pandora-Burgos.jpg 1632w, https:\/\/diariodevurgos.com\/dvwps\/wp-content\/uploads\/2015\/03\/Pandora-Burgos-300x169.jpg 300w, https:\/\/diariodevurgos.com\/dvwps\/wp-content\/uploads\/2015\/03\/Pandora-Burgos-1024x576.jpg 1024w, https:\/\/diariodevurgos.com\/dvwps\/wp-content\/uploads\/2015\/03\/Pandora-Burgos-100x56.jpg 100w, https:\/\/diariodevurgos.com\/dvwps\/wp-content\/uploads\/2015\/03\/Pandora-Burgos-150x84.jpg 150w, https:\/\/diariodevurgos.com\/dvwps\/wp-content\/uploads\/2015\/03\/Pandora-Burgos-200x113.jpg 200w, https:\/\/diariodevurgos.com\/dvwps\/wp-content\/uploads\/2015\/03\/Pandora-Burgos-450x253.jpg 450w, https:\/\/diariodevurgos.com\/dvwps\/wp-content\/uploads\/2015\/03\/Pandora-Burgos-600x338.jpg 600w, https:\/\/diariodevurgos.com\/dvwps\/wp-content\/uploads\/2015\/03\/Pandora-Burgos-900x506.jpg 900w\" sizes=\"(max-width: 334px) 100vw, 334px\" \/><\/a>\n<p>Desde Burgos se ha convocado una concentraci\u00f3n solidaria para el <strong>martes 31 de marzo<\/strong> a partir de las<strong> 20.00 horas<\/strong> en la<strong> Plaza Santiago<\/strong> que se suma a las<a href=\"http:\/\/www.alasbarricadas.org\/noticias\/node\/34083\"> numerosas movilizaciones <\/a>que se est\u00e1n realizando en apoyo a los libertarios detenidos. <strong>Contra su represi\u00f3n y la Ley Mordaza, solidaridad y lucha<\/strong>.<\/p>\n","protected":false},"excerpt":{"rendered":"<p>La ma\u00f1ana del lunes amaneci\u00f3 con la noticia de la en\u00e9sima operaci\u00f3n represiva contra el movimiento libertario. La segunda parte de la denominada Operaci\u00f3n pandora se ha saldado con la detenci\u00f3n de 26 anarquistas y el registro y de varios centros sociales diseminados entre las ciudades de Madrid, Barcelona, Granada y Palencia, donde han sido&#8230;  <a href=\"https:\/\/diariodevurgos.com\/dvwps\/concentracion-en-burgos-en-solidaridad-con-los-anarquistas-detenidos.php\" class=\"more-link\" title=\"Read Concentraci\u00f3n en Burgos en solidaridad con los anarquistas detenidos\">Read more &raquo;<\/a><\/p>\n","protected":false},"author":2,"featured_media":0,"comment_status":"open","ping_status":"closed","sticky":false,"template":"","format":"standard","meta":[],"categories":[2,57,49,17],"tags":[],"_links":{"self":[{"href":"https:\/\/diariodevurgos.com\/dvwps\/wp-json\/wp\/v2\/posts\/14746"}],"collection":[{"href":"https:\/\/diariodevurgos.com\/dvwps\/wp-json\/wp\/v2\/posts"}],"about":[{"href":"https:\/\/diariodevurgos.com\/dvwps\/wp-json\/wp\/v2\/types\/post"}],"author":[{"embeddable":true,"href":"https:\/\/diariodevurgos.com\/dvwps\/wp-json\/wp\/v2\/users\/2"}],"replies":[{"embeddable":true,"href":"https:\/\/diariodevurgos.com\/dvwps\/wp-json\/wp\/v2\/comments?post=14746"}],"version-history":[{"count":1,"href":"https:\/\/diariodevurgos.com\/dvwps\/wp-json\/wp\/v2\/posts\/14746\/revisions"}],"predecessor-version":[{"id":14748,"href":"https:\/\/diariodevurgos.com\/dvwps\/wp-json\/wp\/v2\/posts\/14746\/revisions\/14748"}],"wp:attachment":[{"href":"https:\/\/diariodevurgos.com\/dvwps\/wp-json\/wp\/v2\/media?parent=14746"}],"wp:term":[{"taxonomy":"category","embeddable":true,"href":"https:\/\/diariodevurgos.com\/dvwps\/wp-json\/wp\/v2\/categories?post=14746"},{"taxonomy":"post_tag","embeddable":true,"href":"https:\/\/diariodevurgos.com\/dvwps\/wp-json\/wp\/v2\/tags?post=14746"}],"curies":[{"name":"wp","href":"https:\/\/api.w.org\/{rel}","templated":true}]}}