{"id":14894,"date":"2015-05-12T16:16:29","date_gmt":"2015-05-12T15:16:29","guid":{"rendered":"http:\/\/diariodevurgos.com\/dvwps\/?p=14894"},"modified":"2015-05-14T23:14:45","modified_gmt":"2015-05-14T22:14:45","slug":"iii-aniversario-de-la-huerta-colectiva-de-capiscol","status":"publish","type":"post","link":"https:\/\/diariodevurgos.com\/dvwps\/iii-aniversario-de-la-huerta-colectiva-de-capiscol.php","title":{"rendered":"III Aniversario de la huerta colectiva de capiscol"},"content":{"rendered":"<p class=\"lead\">La huerta colectiva de capiscol cumple tres a\u00f1os de andadura desde que aquel 12 de mayo de 2012 un grupo de persona decidiera convertir un espacio abandonado \u00a0en un proyecto colectivo . Para celebrarlo\u00a0han organizado una Jornada para este<strong> domingo 17 de Mayo <\/strong>con talleres, juegos\u00a0 y comida popular en la misma huerta situada en la calle Villafranca.<\/p>\n<a href=\"http:\/\/diariodevurgos.com\/dvwps\/wp-content\/uploads\/2015\/05\/CEz6WRLXIAA8xgh.jpg\"><img loading=\"lazy\" class=\" size-medium wp-image-14909 alignright\" src=\"http:\/\/diariodevurgos.com\/dvwps\/wp-content\/uploads\/2015\/05\/CEz6WRLXIAA8xgh-300x225.jpg\" alt=\"iiianiversario huerta\" width=\"300\" height=\"225\" srcset=\"https:\/\/diariodevurgos.com\/dvwps\/wp-content\/uploads\/2015\/05\/CEz6WRLXIAA8xgh-300x225.jpg 300w, https:\/\/diariodevurgos.com\/dvwps\/wp-content\/uploads\/2015\/05\/CEz6WRLXIAA8xgh.jpg 1024w, https:\/\/diariodevurgos.com\/dvwps\/wp-content\/uploads\/2015\/05\/CEz6WRLXIAA8xgh-100x75.jpg 100w, https:\/\/diariodevurgos.com\/dvwps\/wp-content\/uploads\/2015\/05\/CEz6WRLXIAA8xgh-150x113.jpg 150w, https:\/\/diariodevurgos.com\/dvwps\/wp-content\/uploads\/2015\/05\/CEz6WRLXIAA8xgh-200x150.jpg 200w, https:\/\/diariodevurgos.com\/dvwps\/wp-content\/uploads\/2015\/05\/CEz6WRLXIAA8xgh-450x338.jpg 450w, https:\/\/diariodevurgos.com\/dvwps\/wp-content\/uploads\/2015\/05\/CEz6WRLXIAA8xgh-600x450.jpg 600w, https:\/\/diariodevurgos.com\/dvwps\/wp-content\/uploads\/2015\/05\/CEz6WRLXIAA8xgh-900x675.jpg 900w\" sizes=\"(max-width: 300px) 100vw, 300px\" \/><\/a>\n<p><a href=\"http:\/\/diariodevurgos.com\/dvwps\/wp-content\/uploads\/2015\/05\/IIIaniversario-huerta.jpg\">\u00a0<\/a><\/p>\n<p><strong>11.00-12.30:<\/strong> Creaci\u00f3n de un horno solar<br \/>\n<strong>12.30-13.30<\/strong>: Agrolimpiadas<br \/>\n<strong>14.30<\/strong>: Paella colectiva. Si traes tu plato generaremos menos basura<\/p>\n<p>En la primavera de 2012, un grupo de personas decidi\u00f3 darle otra vida a un solar abandonado en el barrio de Capiscol; era un solar como tantos otros, destinado a morir bajo las garras del ladrillo, la especulaci\u00f3n y la avaricia de las principales constructoras de la ciudad, entre ellas la de M\u00e9ndez Pozo. Esta tierra que durante siglos alberg\u00f3 el Hospital de Peregrinos, pas\u00f3 de manos de la Iglesia a manos de instituciones p\u00fablicas para acabar en manos privadas; ignoramos c\u00f3mo se produjo este baile de manos pero lo que s\u00ed\u00ad sabemos es que desde que se recuper\u00f3 hace ya tres a\u00f1os por la gente, ha dejado de ser una tierra inculta para convertirse en lo que un d\u00ed\u00ada so\u00f1\u00f3 ese grupo de personas: una linda huerta y un parque abiertos para quien quiera colaborara y disfrutar de ellos.<\/p>\n<p>Este tipo de iniciativas nos demuestra que frente el despotismo de las constructoras y dem\u00e1s autoridades, se alza el poder de las personas que organizadas sin intermediarios, hacen realidad sus deseos y dan soluci\u00f3n a sus necesidades.<\/p>\n<p>As\u00ed\u00ad es como durante estos tres a\u00f1os, adem\u00e1s de sembrar alubias, tomates, flores, \u00e1rboles frutales, plantas medicinales, etc., hemos sembrado ilusi\u00f3n, apoyo mutuo, trabajo colectivo, alegr\u00ed\u00ada, debates&#8230;todo ello con la intenci\u00f3n de cavar un espacio hecho al calor de las asambleas, recuperando el hacer comunitario como br\u00fajula que nos gu\u00ed\u00ade en nuestro caminar. Lo cosechado hasta el momento ha sido enorme, tanto a nivel personal como grupal: la tierra nos ha ido mostrando c\u00f3mo cuidarla y devolverla un poco de lo mucho que nos da ella, respetando sus ritmos, valorando la importancia que tienen las semillas y todos los procesos ecol\u00f3gico para as\u00ed\u00ad tener acceso a nuestros propios alimentos; las personas hemos vivido en nuestra piel qu\u00e9 significa funcionar en colectivo, con sus dificultades y retos, conviviendo en un espacio donde las edades, los sexos y las nacionalidades, m\u00e1s que separarnos nos han permitido aprender de nuestras diferencias y del gran potencial que tenemos cuando nos unimos.<\/p>\n<p>Tambi\u00e9n hemos cosechado un h\u00e1bito, el h\u00e1bito de hacer las cosas por nosotrxs mismxs, sin esperar a que alguien nos dirija, atrevi\u00e9ndonos a tomar el destino en nuestras manos, arrancando de nuestras realidades todo aquello que nos aboca a una existencia sin ilusi\u00f3n. Ahora iniciamos la cuarta primavera con muchos ganas de ver brotar de nuevo este espacio lleno de vida y de poderlo compartir con m\u00e1s gente que se una a este emocionante experiencia.<\/p>\n<p>\u00a1\u00a1Os esperamos en la huerta, los mi\u00e9rcoles y domingos a partir de las 11h.!!<\/p>\n","protected":false},"excerpt":{"rendered":"<p>La huerta colectiva de capiscol cumple tres a\u00f1os de andadura desde que aquel 12 de mayo de 2012 un grupo de persona decidiera convertir un espacio abandonado \u00a0en un proyecto colectivo . Para celebrarlo\u00a0han organizado una Jornada para este domingo 17 de Mayo con talleres, juegos\u00a0 y comida popular en la misma huerta situada en&#8230;  <a href=\"https:\/\/diariodevurgos.com\/dvwps\/iii-aniversario-de-la-huerta-colectiva-de-capiscol.php\" class=\"more-link\" title=\"Read III Aniversario de la huerta colectiva de capiscol\">Read more &raquo;<\/a><\/p>\n","protected":false},"author":8,"featured_media":0,"comment_status":"open","ping_status":"closed","sticky":false,"template":"","format":"standard","meta":[],"categories":[61,2,57,68],"tags":[],"_links":{"self":[{"href":"https:\/\/diariodevurgos.com\/dvwps\/wp-json\/wp\/v2\/posts\/14894"}],"collection":[{"href":"https:\/\/diariodevurgos.com\/dvwps\/wp-json\/wp\/v2\/posts"}],"about":[{"href":"https:\/\/diariodevurgos.com\/dvwps\/wp-json\/wp\/v2\/types\/post"}],"author":[{"embeddable":true,"href":"https:\/\/diariodevurgos.com\/dvwps\/wp-json\/wp\/v2\/users\/8"}],"replies":[{"embeddable":true,"href":"https:\/\/diariodevurgos.com\/dvwps\/wp-json\/wp\/v2\/comments?post=14894"}],"version-history":[{"count":6,"href":"https:\/\/diariodevurgos.com\/dvwps\/wp-json\/wp\/v2\/posts\/14894\/revisions"}],"predecessor-version":[{"id":14911,"href":"https:\/\/diariodevurgos.com\/dvwps\/wp-json\/wp\/v2\/posts\/14894\/revisions\/14911"}],"wp:attachment":[{"href":"https:\/\/diariodevurgos.com\/dvwps\/wp-json\/wp\/v2\/media?parent=14894"}],"wp:term":[{"taxonomy":"category","embeddable":true,"href":"https:\/\/diariodevurgos.com\/dvwps\/wp-json\/wp\/v2\/categories?post=14894"},{"taxonomy":"post_tag","embeddable":true,"href":"https:\/\/diariodevurgos.com\/dvwps\/wp-json\/wp\/v2\/tags?post=14894"}],"curies":[{"name":"wp","href":"https:\/\/api.w.org\/{rel}","templated":true}]}}