{"id":14900,"date":"2015-05-11T20:30:34","date_gmt":"2015-05-11T19:30:34","guid":{"rendered":"http:\/\/diariodevurgos.com\/dvwps\/?p=14900"},"modified":"2015-05-12T20:37:30","modified_gmt":"2015-05-12T19:37:30","slug":"carta-de-pol-anarquista-preso-tras-la-operacion-pinata","status":"publish","type":"post","link":"https:\/\/diariodevurgos.com\/dvwps\/carta-de-pol-anarquista-preso-tras-la-operacion-pinata.php","title":{"rendered":"Carta de Pol, anarquista preso tras la Operaci\u00f3n Pi\u00f1ata"},"content":{"rendered":"<p class=\"lead\">Publicamos a continuaci\u00f3n una carta de Paul Jara, compa\u00f1ero libertario encarcelado en la prisi\u00f3n madrile\u00f1a de Soto del Real\u00a0 tras la denominada <a href=\"http:\/\/diariodevurgos.com\/dvwps\/?s=Operaci%C3%B3n+Pi%C3%B1ata&amp;submit=Ir\">Operaci\u00f3n Pi\u00f1ata<\/a> que nos ha sido remitida al correo electr\u00f3nico de la redacci\u00f3n de <strong>DV<\/strong>.<\/p>\n<a href=\"http:\/\/diariodevurgos.com\/dvwps\/wp-content\/uploads\/2015\/05\/web_150330_mani-operacio-pinyata-clot_017-650x433.jpg\"><img loading=\"lazy\" class=\"aligncenter  wp-image-14901\" src=\"http:\/\/diariodevurgos.com\/dvwps\/wp-content\/uploads\/2015\/05\/web_150330_mani-operacio-pinyata-clot_017-650x433.jpg\" alt=\"web_150330_mani-operacio-pinyata-clot_017-650x433\" width=\"384\" height=\"256\" srcset=\"https:\/\/diariodevurgos.com\/dvwps\/wp-content\/uploads\/2015\/05\/web_150330_mani-operacio-pinyata-clot_017-650x433.jpg 650w, https:\/\/diariodevurgos.com\/dvwps\/wp-content\/uploads\/2015\/05\/web_150330_mani-operacio-pinyata-clot_017-650x433-300x200.jpg 300w, https:\/\/diariodevurgos.com\/dvwps\/wp-content\/uploads\/2015\/05\/web_150330_mani-operacio-pinyata-clot_017-650x433-100x67.jpg 100w, https:\/\/diariodevurgos.com\/dvwps\/wp-content\/uploads\/2015\/05\/web_150330_mani-operacio-pinyata-clot_017-650x433-150x100.jpg 150w, https:\/\/diariodevurgos.com\/dvwps\/wp-content\/uploads\/2015\/05\/web_150330_mani-operacio-pinyata-clot_017-650x433-200x133.jpg 200w, https:\/\/diariodevurgos.com\/dvwps\/wp-content\/uploads\/2015\/05\/web_150330_mani-operacio-pinyata-clot_017-650x433-450x300.jpg 450w, https:\/\/diariodevurgos.com\/dvwps\/wp-content\/uploads\/2015\/05\/web_150330_mani-operacio-pinyata-clot_017-650x433-600x400.jpg 600w\" sizes=\"(max-width: 384px) 100vw, 384px\" \/><\/a>\n<p>Salud compa\u00f1eros y compa\u00f1eras y afines.<\/p>\n<p>Me gustar\u00ed\u00ada transmitir unas palabras hacia afuera como anarquista y tomando como v\u00e1lidas las m\u00faltiples posturas y visiones que el anarquismo puede adoptar, siendo todas ellas de igual validez siempre cuando busquen la destrucci\u00f3n del poder, la autoridad y el Estado. Creo que ah\u00ed\u00ad reside lo hermoso de nuestras ideas y a mi entender todas estas v\u00ed\u00adas pueden convivir y confluir de forma conjunta en busca de la tan ansiada liberaci\u00f3n total.<!--more--><\/p>\n<p>Quiero expresar mi odio, repulsa y desprecio para todo lo que engloba el Estado, el poder, la autoridad y en especial la herramienta de aniquilaci\u00f3n llamada c\u00e1rcel, utilizando como uno de sus mayores exponentes el aislamiento.<br \/>\nSiempre he defendido la idea de que los anarquistas tienen que prepararse y asumir que en cualquier momento puede llegar el d\u00ed\u00ada en que tengas que ir a la c\u00e1rcel y, a mi entender, es algo l\u00f3gico ya que al querer destruir al Estado, \u00e9ste intentar\u00e1 hacer que acabes encerrado para anularte, paralizarte y destruirte. Pero a pesar de todo esto, no lo conseguir\u00e1n. No obstante si por cuestiones de la vida nunca te toca, mejor para cada uno.<\/p>\n<p>Me gustar\u00ed\u00ada comentar que me encuentro bien f\u00ed\u00adsica y mentalmente. Sigo pensando igual que antes de entrar y si a\u00fan cabe, m\u00e1s reafirmado de mis ideas, con la cabeza bien alta y orgulloso de lo que somos. Soy como me comporto y me relaciono en la teor\u00ed\u00ada y praxis y siempre con autocr\u00ed\u00adtica para poder seguir creciendo ya que nunca dejamos de aprender y con lo que acabo de expresar no me siento mejor ni peor que nadie.<\/p>\n<p>Quiero transmitir fuerza y \u00e1nimo a los compa\u00f1eros, compa\u00f1eras y afines y deciros con toda la fuerza y rabia que tengo que la lucha es el \u00fanico camino. La represi\u00f3n con estos golpes busca que el \u00e1mbito anarquista y af\u00ed\u00adn se asuste y se paralice y que s\u00f3lo se haga trabajo asistencial con los represaliados. No permit\u00e1is que eso ocurra y seguid firmes con vuestros proyectos y no dud\u00e9is en seguir diciendo lo que sois y pens\u00e1is.<\/p>\n<p>\u00a1Hasta conseguir la verdadera liberaci\u00f3n total! \u00a1Que la solidaridad no sea s\u00f3lo palabra escrita!<\/p>\n<p>\u00a1MUERTE AL ESTADO Y VIVA LA ANARQU\u00ed\u008dA!<\/p>\n<p>En el Centro Penitenciario Soto del Real, primavera de 2015<\/p>\n","protected":false},"excerpt":{"rendered":"<p>Publicamos a continuaci\u00f3n una carta de Paul Jara, compa\u00f1ero libertario encarcelado en la prisi\u00f3n madrile\u00f1a de Soto del Real\u00a0 tras la denominada Operaci\u00f3n Pi\u00f1ata que nos ha sido remitida al correo electr\u00f3nico de la redacci\u00f3n de DV. Salud compa\u00f1eros y compa\u00f1eras y afines. Me gustar\u00ed\u00ada transmitir unas palabras hacia afuera como anarquista y tomando como&#8230;  <a href=\"https:\/\/diariodevurgos.com\/dvwps\/carta-de-pol-anarquista-preso-tras-la-operacion-pinata.php\" class=\"more-link\" title=\"Read Carta de Pol, anarquista preso tras la Operaci\u00f3n Pi\u00f1ata\">Read more &raquo;<\/a><\/p>\n","protected":false},"author":2,"featured_media":0,"comment_status":"open","ping_status":"closed","sticky":false,"template":"","format":"standard","meta":[],"categories":[22,26,49,17,7],"tags":[],"_links":{"self":[{"href":"https:\/\/diariodevurgos.com\/dvwps\/wp-json\/wp\/v2\/posts\/14900"}],"collection":[{"href":"https:\/\/diariodevurgos.com\/dvwps\/wp-json\/wp\/v2\/posts"}],"about":[{"href":"https:\/\/diariodevurgos.com\/dvwps\/wp-json\/wp\/v2\/types\/post"}],"author":[{"embeddable":true,"href":"https:\/\/diariodevurgos.com\/dvwps\/wp-json\/wp\/v2\/users\/2"}],"replies":[{"embeddable":true,"href":"https:\/\/diariodevurgos.com\/dvwps\/wp-json\/wp\/v2\/comments?post=14900"}],"version-history":[{"count":1,"href":"https:\/\/diariodevurgos.com\/dvwps\/wp-json\/wp\/v2\/posts\/14900\/revisions"}],"predecessor-version":[{"id":14904,"href":"https:\/\/diariodevurgos.com\/dvwps\/wp-json\/wp\/v2\/posts\/14900\/revisions\/14904"}],"wp:attachment":[{"href":"https:\/\/diariodevurgos.com\/dvwps\/wp-json\/wp\/v2\/media?parent=14900"}],"wp:term":[{"taxonomy":"category","embeddable":true,"href":"https:\/\/diariodevurgos.com\/dvwps\/wp-json\/wp\/v2\/categories?post=14900"},{"taxonomy":"post_tag","embeddable":true,"href":"https:\/\/diariodevurgos.com\/dvwps\/wp-json\/wp\/v2\/tags?post=14900"}],"curies":[{"name":"wp","href":"https:\/\/api.w.org\/{rel}","templated":true}]}}