{"id":14933,"date":"2015-05-20T18:57:42","date_gmt":"2015-05-20T17:57:42","guid":{"rendered":"http:\/\/diariodevurgos.com\/dvwps\/?p=14933"},"modified":"2015-05-20T19:03:25","modified_gmt":"2015-05-20T18:03:25","slug":"dispersan-a-nuestros-companeros-secuestrados-por-la-operacion-pinata","status":"publish","type":"post","link":"https:\/\/diariodevurgos.com\/dvwps\/dispersan-a-nuestros-companeros-secuestrados-por-la-operacion-pinata.php","title":{"rendered":"Dispersan a nuestros compa\u00f1eros secuestrados por la &#8220;Operaci\u00f3n Pi\u00f1ata&#8221;\u009d."},"content":{"rendered":"<p class=\"lead\"><a href=\"http:\/\/diariodevurgos.com\/dvwps\/wp-content\/uploads\/2015\/05\/carteloperacionpiata.jpg\"><img loading=\"lazy\" class=\"alignleft size-medium wp-image-14934\" src=\"http:\/\/diariodevurgos.com\/dvwps\/wp-content\/uploads\/2015\/05\/carteloperacionpiata-212x300.jpg\" alt=\"carteloperacionpiata\" width=\"212\" height=\"300\" srcset=\"https:\/\/diariodevurgos.com\/dvwps\/wp-content\/uploads\/2015\/05\/carteloperacionpiata-212x300.jpg 212w, https:\/\/diariodevurgos.com\/dvwps\/wp-content\/uploads\/2015\/05\/carteloperacionpiata-724x1024.jpg 724w, https:\/\/diariodevurgos.com\/dvwps\/wp-content\/uploads\/2015\/05\/carteloperacionpiata-100x141.jpg 100w, https:\/\/diariodevurgos.com\/dvwps\/wp-content\/uploads\/2015\/05\/carteloperacionpiata-150x212.jpg 150w, https:\/\/diariodevurgos.com\/dvwps\/wp-content\/uploads\/2015\/05\/carteloperacionpiata-200x283.jpg 200w, https:\/\/diariodevurgos.com\/dvwps\/wp-content\/uploads\/2015\/05\/carteloperacionpiata-300x424.jpg 300w, https:\/\/diariodevurgos.com\/dvwps\/wp-content\/uploads\/2015\/05\/carteloperacionpiata-450x636.jpg 450w, https:\/\/diariodevurgos.com\/dvwps\/wp-content\/uploads\/2015\/05\/carteloperacionpiata-600x849.jpg 600w, https:\/\/diariodevurgos.com\/dvwps\/wp-content\/uploads\/2015\/05\/carteloperacionpiata-900x1273.jpg 900w\" sizes=\"(max-width: 212px) 100vw, 212px\" \/><\/a><br \/>\nNos lo tem\u00ed\u00adamos porque el sistema carcelario no iba a permitir que estuvieran todos juntos en la misma c\u00e1rcel teniendo contacto entre ellos y cerca de un entorno al que resultaba f\u00e1cil acceder a visitar y mostrar apoyo.<br \/>\nCon gestos como estos, no cabe duda de c\u00f3mo de duro puede llegar a ser la c\u00e1rcel para los presos y para lxs familiares, amigxs y compa\u00f1erxs que estamos pendientes de que no ocurra lo que el sistema quiere: aislarles. No vale con ser encerrados contra su voluntad, no vale estar en aislamiento, no vale con tener las comunicaciones intervenidas&#8230;. hay una vuelta de tuerca m\u00e1s y es la dispersi\u00f3n.<\/p>\n<p>Esto es algo que lleva afectando a lxs presxs que luchan desde hace a\u00f1os y que pretende ser un desgaste para quienes apoyan a las personas que est\u00e1n encerradas. Desposeerles del m\u00ed\u00adnimo arraigo que les hubieran podido dejar, permiti\u00e9ndoles estar en la ciudad donde residen, ser\u00ed\u00ada lo m\u00e1s \u00ed\u00adnfimo que se podr\u00ed\u00ada ocurrir, pero hasta tales niveles de hostilidad llega el sistema.<\/p>\n<p>Por lo tanto nosotrxs nos hemos puesto manos a la obra y responderemos a estos ensa\u00f1amientos con solidaridad. Seguiremos apoyando a nuestros compa\u00f1eros est\u00e9n donde est\u00e9n y no permitiremos que ocurra lo que el sistema carcelario pretende que es aislarles.<\/p>\n<p>En Madrid, C\u00f3rdoba, Zaragoza, Palencia o a donde quiera que les lleven, iremos con ellos y donde quiera que est\u00e9n seguiremos diciendo que las c\u00e1rceles no son para reinsertar, si no para destruir a las personas y a su entorno.<\/p>\n<p>Porque la dispersi\u00f3n aumenta la represi\u00f3n y contra su represi\u00f3n NUESTRA SOLIDARIDAD.<\/p>\n<p>\u00a1ABAJO LOS MUROS DE LAS PRISIONES!<\/p>\n<p>\u00a1LIBERTAD ANARQUISTAS Y ANTIAUTORITARIXS PRESXS!<\/p>\n<p>Las nuevas direcciones son:<\/p>\n<p>PAUL JARA ZEVALLOS<br \/>\nCarretera M-241, Km. 5750<br \/>\n28595 \u2013 Estremera<br \/>\n(Madrid)<\/p>\n<p>JAVIER GRIJALBO AD\u00ed\u0081N<br \/>\nAutov\u00ed\u00ada A-23, Km. 328<br \/>\n50800 \u2013 Zuera<br \/>\n(Zaragoza)<\/p>\n<p>JAVIER GARC\u00ed\u008dA CASTRO<br \/>\nCarretera Local P-120<br \/>\n34210 \u2013 Due\u00f1as<br \/>\n(Palencia)<\/p>\n<p>JORGE LINARES IZQUIERDO<br \/>\nAutov\u00ed\u00ada Madrid \u2013 C\u00e1diz, Km. 391<br \/>\n14014 \u2013 C\u00f3rdoba<\/p>\n<p>ENRIQUE BALAGUER P\u00ed\u2030REZ<br \/>\nCarretera M-609, Km. 3,5<br \/>\n28791 \u2013 Soto del Real<br \/>\nMadrid<\/p>\n","protected":false},"excerpt":{"rendered":"<p>Nos lo tem\u00ed\u00adamos porque el sistema carcelario no iba a permitir que estuvieran todos juntos en la misma c\u00e1rcel teniendo contacto entre ellos y cerca de un entorno al que resultaba f\u00e1cil acceder a visitar y mostrar apoyo. Con gestos como estos, no cabe duda de c\u00f3mo de duro puede llegar a ser la c\u00e1rcel&#8230;  <a href=\"https:\/\/diariodevurgos.com\/dvwps\/dispersan-a-nuestros-companeros-secuestrados-por-la-operacion-pinata.php\" class=\"more-link\" title=\"Read Dispersan a nuestros compa\u00f1eros secuestrados por la &#8220;Operaci\u00f3n Pi\u00f1ata&#8221;\u009d.\">Read more &raquo;<\/a><\/p>\n","protected":false},"author":8,"featured_media":0,"comment_status":"open","ping_status":"closed","sticky":false,"template":"","format":"standard","meta":[],"categories":[22],"tags":[],"_links":{"self":[{"href":"https:\/\/diariodevurgos.com\/dvwps\/wp-json\/wp\/v2\/posts\/14933"}],"collection":[{"href":"https:\/\/diariodevurgos.com\/dvwps\/wp-json\/wp\/v2\/posts"}],"about":[{"href":"https:\/\/diariodevurgos.com\/dvwps\/wp-json\/wp\/v2\/types\/post"}],"author":[{"embeddable":true,"href":"https:\/\/diariodevurgos.com\/dvwps\/wp-json\/wp\/v2\/users\/8"}],"replies":[{"embeddable":true,"href":"https:\/\/diariodevurgos.com\/dvwps\/wp-json\/wp\/v2\/comments?post=14933"}],"version-history":[{"count":6,"href":"https:\/\/diariodevurgos.com\/dvwps\/wp-json\/wp\/v2\/posts\/14933\/revisions"}],"predecessor-version":[{"id":14938,"href":"https:\/\/diariodevurgos.com\/dvwps\/wp-json\/wp\/v2\/posts\/14933\/revisions\/14938"}],"wp:attachment":[{"href":"https:\/\/diariodevurgos.com\/dvwps\/wp-json\/wp\/v2\/media?parent=14933"}],"wp:term":[{"taxonomy":"category","embeddable":true,"href":"https:\/\/diariodevurgos.com\/dvwps\/wp-json\/wp\/v2\/categories?post=14933"},{"taxonomy":"post_tag","embeddable":true,"href":"https:\/\/diariodevurgos.com\/dvwps\/wp-json\/wp\/v2\/tags?post=14933"}],"curies":[{"name":"wp","href":"https:\/\/api.w.org\/{rel}","templated":true}]}}