{"id":14964,"date":"2015-05-28T14:04:41","date_gmt":"2015-05-28T13:04:41","guid":{"rendered":"http:\/\/diariodevurgos.com\/dvwps\/?p=14964"},"modified":"2015-06-04T18:38:47","modified_gmt":"2015-06-04T17:38:47","slug":"iii-feria-de-la-patata-con-el-fracking","status":"publish","type":"post","link":"https:\/\/diariodevurgos.com\/dvwps\/iii-feria-de-la-patata-con-el-fracking.php","title":{"rendered":"III Feria de la Patata contra el Fracking"},"content":{"rendered":"<p class=\"lead\">La Asociaci\u00f3n Las Pedrosas 43, de la Junta de Traslaloma, organizan la<strong> 3\u00aa Feria de la Patata contra el Fracking<\/strong> para el pr\u00f3ximo <strong>s\u00e1bado d\u00ed\u00ada<\/strong> <strong>30 de Mayo<\/strong> en <strong>Castrobarto<\/strong>. Una iniciativa que se suma a las muchas actividades que en la provincia de Burgos se est\u00e1n realizando en rechazo de la Fractura Hidra\u00falica.<\/p>\n<p style=\"text-align: center;\"><a href=\"http:\/\/diariodevurgos.com\/dvwps\/wp-content\/uploads\/2015\/05\/FERIA-DE-LA-PATATA-2015-EN-CASTROBARTO.-30-DE-MAYO.jpg\"><img loading=\"lazy\" class=\"aligncenter  wp-image-14965\" src=\"http:\/\/diariodevurgos.com\/dvwps\/wp-content\/uploads\/2015\/05\/FERIA-DE-LA-PATATA-2015-EN-CASTROBARTO.-30-DE-MAYO.jpg\" alt=\"FERIA DE LA PATATA 2015 EN CASTROBARTO. 30 DE MAYO\" width=\"577\" height=\"408\" srcset=\"https:\/\/diariodevurgos.com\/dvwps\/wp-content\/uploads\/2015\/05\/FERIA-DE-LA-PATATA-2015-EN-CASTROBARTO.-30-DE-MAYO.jpg 1241w, https:\/\/diariodevurgos.com\/dvwps\/wp-content\/uploads\/2015\/05\/FERIA-DE-LA-PATATA-2015-EN-CASTROBARTO.-30-DE-MAYO-300x212.jpg 300w, https:\/\/diariodevurgos.com\/dvwps\/wp-content\/uploads\/2015\/05\/FERIA-DE-LA-PATATA-2015-EN-CASTROBARTO.-30-DE-MAYO-1024x724.jpg 1024w, https:\/\/diariodevurgos.com\/dvwps\/wp-content\/uploads\/2015\/05\/FERIA-DE-LA-PATATA-2015-EN-CASTROBARTO.-30-DE-MAYO-100x71.jpg 100w, https:\/\/diariodevurgos.com\/dvwps\/wp-content\/uploads\/2015\/05\/FERIA-DE-LA-PATATA-2015-EN-CASTROBARTO.-30-DE-MAYO-150x106.jpg 150w, https:\/\/diariodevurgos.com\/dvwps\/wp-content\/uploads\/2015\/05\/FERIA-DE-LA-PATATA-2015-EN-CASTROBARTO.-30-DE-MAYO-200x141.jpg 200w, https:\/\/diariodevurgos.com\/dvwps\/wp-content\/uploads\/2015\/05\/FERIA-DE-LA-PATATA-2015-EN-CASTROBARTO.-30-DE-MAYO-450x318.jpg 450w, https:\/\/diariodevurgos.com\/dvwps\/wp-content\/uploads\/2015\/05\/FERIA-DE-LA-PATATA-2015-EN-CASTROBARTO.-30-DE-MAYO-600x424.jpg 600w, https:\/\/diariodevurgos.com\/dvwps\/wp-content\/uploads\/2015\/05\/FERIA-DE-LA-PATATA-2015-EN-CASTROBARTO.-30-DE-MAYO-900x636.jpg 900w\" sizes=\"(max-width: 577px) 100vw, 577px\" \/><\/a><\/p>\n<p>&nbsp;<\/p>\n","protected":false},"excerpt":{"rendered":"<p>La Asociaci\u00f3n Las Pedrosas 43, de la Junta de Traslaloma, organizan la 3\u00aa Feria de la Patata contra el Fracking para el pr\u00f3ximo s\u00e1bado d\u00ed\u00ada 30 de Mayo en Castrobarto. Una iniciativa que se suma a las muchas actividades que en la provincia de Burgos se est\u00e1n realizando en rechazo de la Fractura Hidra\u00falica. &nbsp;<\/p>\n","protected":false},"author":2,"featured_media":0,"comment_status":"open","ping_status":"closed","sticky":false,"template":"","format":"standard","meta":[],"categories":[2,57,54],"tags":[],"_links":{"self":[{"href":"https:\/\/diariodevurgos.com\/dvwps\/wp-json\/wp\/v2\/posts\/14964"}],"collection":[{"href":"https:\/\/diariodevurgos.com\/dvwps\/wp-json\/wp\/v2\/posts"}],"about":[{"href":"https:\/\/diariodevurgos.com\/dvwps\/wp-json\/wp\/v2\/types\/post"}],"author":[{"embeddable":true,"href":"https:\/\/diariodevurgos.com\/dvwps\/wp-json\/wp\/v2\/users\/2"}],"replies":[{"embeddable":true,"href":"https:\/\/diariodevurgos.com\/dvwps\/wp-json\/wp\/v2\/comments?post=14964"}],"version-history":[{"count":2,"href":"https:\/\/diariodevurgos.com\/dvwps\/wp-json\/wp\/v2\/posts\/14964\/revisions"}],"predecessor-version":[{"id":14977,"href":"https:\/\/diariodevurgos.com\/dvwps\/wp-json\/wp\/v2\/posts\/14964\/revisions\/14977"}],"wp:attachment":[{"href":"https:\/\/diariodevurgos.com\/dvwps\/wp-json\/wp\/v2\/media?parent=14964"}],"wp:term":[{"taxonomy":"category","embeddable":true,"href":"https:\/\/diariodevurgos.com\/dvwps\/wp-json\/wp\/v2\/categories?post=14964"},{"taxonomy":"post_tag","embeddable":true,"href":"https:\/\/diariodevurgos.com\/dvwps\/wp-json\/wp\/v2\/tags?post=14964"}],"curies":[{"name":"wp","href":"https:\/\/api.w.org\/{rel}","templated":true}]}}