{"id":14994,"date":"2015-06-14T22:51:53","date_gmt":"2015-06-14T21:51:53","guid":{"rendered":"http:\/\/diariodevurgos.com\/dvwps\/?p=14994"},"modified":"2015-06-15T22:55:31","modified_gmt":"2015-06-15T21:55:31","slug":"charla-coloquio-presos-politicos-y-presos-sociales-en-el-tardofranquismo","status":"publish","type":"post","link":"https:\/\/diariodevurgos.com\/dvwps\/charla-coloquio-presos-politicos-y-presos-sociales-en-el-tardofranquismo.php","title":{"rendered":"Charla-coloquio: presos pol\u00ed\u00adticos y presos sociales en el tardofranquismo"},"content":{"rendered":"<p class=\"lead\">El Ateneo Libertario de Palencia &#8220;Eduardo de Guzm\u00e1n&#8221;\u009d de la Confederaci\u00f3n Nacional del Trabajo \u2013 Asociaci\u00f3n Internacional de Trabajadores (CNT-AIT) de Palencia tienen el placer de presentar una charla que tendr\u00e1 lugar en el local de CNT-AIT de la calle Don Pelayo, 14 (Palencia) el viernes 26 de junio a las 19.00h.<\/p>\n<p>En esta ocasi\u00f3n se tratar\u00e1 sobre la experiencia vital de los presos\/as pol\u00ed\u00adticos\/as y los presos\/as sociales en el tardofranquismo centr\u00e1ndonos en sus afinidades y divergencias, el ponente ser\u00e1 Acacio Puig que es miembro de &#8220;La Comuna Presxs del franquismo&#8221;\u009d http:\/\/www.lacomunapresxsdelfranquismo.org\/<\/p>\n<p>Tras la charla habr\u00e1 un coloquio entre las personas asistentes y finalmente se har\u00e1 un picoteo con comida aportada entre todos\/as.<\/p>\n<p style=\"text-align: center;\"><a href=\"http:\/\/diariodevurgos.com\/dvwps\/wp-content\/uploads\/2015\/06\/Charla-presxs-pol\u00ed\u00adticxs.png\"><img loading=\"lazy\" class=\"aligncenter  wp-image-14995\" src=\"http:\/\/diariodevurgos.com\/dvwps\/wp-content\/uploads\/2015\/06\/Charla-presxs-pol\u00ed\u00adticxs.png\" alt=\"Charla-presxs-pol\u00ed\u00adticxs\" width=\"281\" height=\"397\" \/><\/a><\/p>\n<p>&nbsp;<\/p>\n","protected":false},"excerpt":{"rendered":"<p>El Ateneo Libertario de Palencia &#8220;Eduardo de Guzm\u00e1n&#8221;\u009d de la Confederaci\u00f3n Nacional del Trabajo \u2013 Asociaci\u00f3n Internacional de Trabajadores (CNT-AIT) de Palencia tienen el placer de presentar una charla que tendr\u00e1 lugar en el local de CNT-AIT de la calle Don Pelayo, 14 (Palencia) el viernes 26 de junio a las 19.00h. En esta ocasi\u00f3n&#8230;  <a href=\"https:\/\/diariodevurgos.com\/dvwps\/charla-coloquio-presos-politicos-y-presos-sociales-en-el-tardofranquismo.php\" class=\"more-link\" title=\"Read Charla-coloquio: presos pol\u00ed\u00adticos y presos sociales en el tardofranquismo\">Read more &raquo;<\/a><\/p>\n","protected":false},"author":2,"featured_media":0,"comment_status":"open","ping_status":"closed","sticky":false,"template":"","format":"standard","meta":[],"categories":[22,57],"tags":[],"_links":{"self":[{"href":"https:\/\/diariodevurgos.com\/dvwps\/wp-json\/wp\/v2\/posts\/14994"}],"collection":[{"href":"https:\/\/diariodevurgos.com\/dvwps\/wp-json\/wp\/v2\/posts"}],"about":[{"href":"https:\/\/diariodevurgos.com\/dvwps\/wp-json\/wp\/v2\/types\/post"}],"author":[{"embeddable":true,"href":"https:\/\/diariodevurgos.com\/dvwps\/wp-json\/wp\/v2\/users\/2"}],"replies":[{"embeddable":true,"href":"https:\/\/diariodevurgos.com\/dvwps\/wp-json\/wp\/v2\/comments?post=14994"}],"version-history":[{"count":1,"href":"https:\/\/diariodevurgos.com\/dvwps\/wp-json\/wp\/v2\/posts\/14994\/revisions"}],"predecessor-version":[{"id":14996,"href":"https:\/\/diariodevurgos.com\/dvwps\/wp-json\/wp\/v2\/posts\/14994\/revisions\/14996"}],"wp:attachment":[{"href":"https:\/\/diariodevurgos.com\/dvwps\/wp-json\/wp\/v2\/media?parent=14994"}],"wp:term":[{"taxonomy":"category","embeddable":true,"href":"https:\/\/diariodevurgos.com\/dvwps\/wp-json\/wp\/v2\/categories?post=14994"},{"taxonomy":"post_tag","embeddable":true,"href":"https:\/\/diariodevurgos.com\/dvwps\/wp-json\/wp\/v2\/tags?post=14994"}],"curies":[{"name":"wp","href":"https:\/\/api.w.org\/{rel}","templated":true}]}}