{"id":1507,"date":"2008-05-21T21:55:50","date_gmt":"2008-05-21T20:55:50","guid":{"rendered":"http:\/\/diariodevurgos.com\/dvwps\/crisis-en-la-gala.php"},"modified":"2008-05-21T21:55:50","modified_gmt":"2008-05-21T20:55:50","slug":"crisis-en-la-gala","status":"publish","type":"post","link":"https:\/\/diariodevurgos.com\/dvwps\/crisis-en-la-gala.php","title":{"rendered":"Crisis en &#8220;La Gala&#8221;"},"content":{"rendered":"<p class=\"lead\">Como todos ya sabemos\u00a0 existe una crisis econ\u00f3mica, por mucho que nuestros pol\u00ed\u00adticos se nieguen a aceptarla, si en el fondo lo hacen por nuestro bien, para que no cunda el p\u00e1nico.<a title=\"igualito-que-tu-y-que-yo.jpg\" class=\"imagelink\" href=\"http:\/\/diariodevurgos.com\/dvwps\/wp-content\/uploads\/2008\/05\/igualito-que-tu-y-que-yo.jpg\"><img align=\"right\" alt=\"igualito-que-tu-y-que-yo.jpg\" id=\"image1505\" title=\"igualito-que-tu-y-que-yo.jpg\" src=\"http:\/\/diariodevurgos.com\/dvwps\/wp-content\/uploads\/2008\/05\/igualito-que-tu-y-que-yo.miniatura.jpg\" \/><\/a><\/p>\n<p>Uno de los primeros sectores en sufrirla ha sido la construcci\u00f3n, pero ojo, la construcci\u00f3n lleva detras muchas otras empresas que tambi\u00e9n se hallan ligadas a esta: cristaler\u00ed\u00adas, met\u00e1licas del aluminio, f\u00e1bricas de puertas, empresas de suelos&#8230; y un largo etcetera, pero lo que a nosostros nos incumbe hoy es la de las tazas de bater: <em>&#8220;La Gala&#8221;<\/em>.<\/p>\n<p><!--more--> O Dios &#8220;<em>La Gala&#8221;<\/em>, esa empresa internacional, archiconocida por todos, resulta que ahora se encuentra en crisis, y adem\u00e1s de las serias; a continuaci\u00f3n les paso a relatar cierta informaci\u00f3n que est\u00e1 contrastada de primera mano.<\/p>\n<p>Resulta que este, su gran circo econ\u00f3mico, incluido el de ustedes, los que leen esto, se va desplomando poco a poco, pero claro mientras no me toque a mi, no pasa nada. Este sistema que han impuesto de <em>libre mercado, de econom\u00ed\u00ada globalizada, de ley de la oferta y la demanda, <\/em>pues resulta que ahora nos devuelve el golpe, &#8220;toda acci\u00f3n tiene su reacci\u00f3n&#8221;. Les contar\u00e9 porque.<\/p>\n<p>Hoy miercoles 21 de Mayo, el jefe de personal de &#8220;<em>La Gala&#8221;<\/em> se ha reunido con los siervos del comit\u00e9, y las noticias como siempre y digo como siempre, han sido decepcionantes, resulta que para <strong>antes de que acabe el verano sobran alrededor de unos 80 trabajadores<\/strong>, contando unas 20 prejubilaciones, \u00bfde donde sacaran el resto?, a todos aquellos compa\u00f1eros con contrato eventual, la inmensa mayor\u00ed\u00ada, vallamos temblando que se nos cierne un futuro muy oscuro, por lo menos en esta empresa. La mayor\u00ed\u00ada de los contratos son de tipo eventual, claro, as\u00ed\u00ad se cuidan en salud, y si hay que despedir a alguien, pues salen m\u00e1s baratos, y ya est\u00e1. Olvidando siempre esa humanidad de pensar en las circunstancias de las personas, pero bueno una empresa no est\u00e1 para eso, \u00bfverdad?, est\u00e1 para chuparnos la sangre, sacar el m\u00e1ximo beneficio de ello, y a cambio nos dan 8 Euros la hora y fuera.<br \/>\nNi que decir tiene que muchas de las m\u00e1quinas, las cuales cuestan millones de euros se hayan paradas, pero paradas, paradas, pues eso, criando polvo. <em>De los cuatro hornos que hay, uno de ellos fue parado la otra semana, porque no hay piezas, y de momento con tres vale, <\/em>bueno por lo menos les quedan otros tres comodines.<\/p>\n<p>Otras m\u00e1quinas que antes trabajaban a turnos de ma\u00f1ana y tarde, ya casi lo han dejado de hacer permaneciendo paradas la mayor\u00ed\u00ada del tiempo, igual se tiran 5 horas paradas, cuando antes solo paraban para que comieran el bocata los operarios ( el cual tampoco les es retribuido, hay se ve la labor del comit\u00e9) por lo tanto \u00bfdonde recolocas a esos trabajadores si en el resto de las secciones tampoco hay trabajo?, pues es f\u00e1cil les recoloco en el paro.<\/p>\n<p><strong>La secci\u00f3n de ba\u00f1eras <\/strong>es otra historia, antes hacia turnos de ma\u00f1ana y tarde, <em>ahora ya solo hacen de ma\u00f1ana<\/em>, \u00bfy los trabajadores de la tarde donde los metes?, en el mismo saco que a los otros, jejeje. <strong>Adem\u00e1s hay rumores muy serios que dicen que dicha secci\u00f3n va a cerrar por completo, y que la producci\u00f3n que se hacia aqu\u00ed\u00ad, ahora se har\u00e1 en Portugal<\/strong>, y \u00bfdonde quedan los trabajadores?, \u00a1\u00a1\u00a1Venga todos juntos!!!!! en la puta calle. Y otra pregunta que me hago \u00bfporque se\u00f1ores de traje se llevan la producci\u00f3n de las ba\u00f1eras a Portugal?, no es por pensar mal, pero \u00bfno ser\u00e1 que es m\u00e1s barata la mano de obra?, a esto nos ha llevado el libre mercado, vuestra economia liberalizada, al que le toque que se joda.<a title=\"cagando.jpg\" class=\"imagelink\" href=\"http:\/\/diariodevurgos.com\/dvwps\/wp-content\/uploads\/2008\/05\/cagando.jpg\"><img align=\"right\" alt=\"cagando.jpg\" id=\"image1506\" title=\"cagando.jpg\" src=\"http:\/\/diariodevurgos.com\/dvwps\/wp-content\/uploads\/2008\/05\/cagando.jpg\" \/><\/a><br \/>\n<strong>Los almacenes, tanto interiores como exteriores (que no son para nada peque\u00f1os) se hallan llenos a reventar, estan llenos de stocks (piezas) que no se venden, y aun as\u00ed\u00ad siguen produciendo m\u00e1s, <\/strong>en menor n\u00famero pero m\u00e1s. Quiz\u00e1 por eso que el otro d\u00ed\u00ada se presento el &#8220;jefe encargado de las fabricas de toda Europa&#8221; y le echo una buena bronca al jefe de aqu\u00ed\u00ad \u00bfverdad Sr. Cervi\u00f1o?, &#8220;que como es que si habian almacenadas tantas piezas, que ya no cabe ni un palet m\u00e1s y a\u00fan as\u00ed\u00ad se siguen haciendo m\u00e1s piezas&#8221;.<\/p>\n<p>Seg\u00fan vallan sucediendose los acontecimientos seguiremos informando, hay otro tema que tocar\u00e9 otro d\u00ed\u00ada, y es el tema de las <em>subcontratas<\/em>, que en &#8220;<em>La Gala&#8221;<\/em> hay por lo menos tres y tampoco est\u00e1 muy claro su futuro.<\/p>\n<p align=\"center\"><strong>Ya que nos explotan en el trabajo, volvamos a la infancia, desbordemos nuestra imaginaci\u00f3n y practiquemos el sabotaje con conciencia<\/strong> <strong>y alegria, total, no es mio.<\/strong><\/p>\n<p align=\"left\">Para que algunos vean que somos solo tornillos, trozos de cuerda, arandelas, que mientras hagamos el trabajo, no protestemos y obedezcamos como borreguitos todo nos ira muy bien, pues ya ven que se equivocan, que por mucho que te dejes la espalda, los pulmones, por muchas copas que te tomes con tu jefe, si el d\u00ed\u00ada de ma\u00f1ana no interesamos nos echan a la\u00a0 puta calle, porque al fin y al cabo \u00bfno es esa la finalidad de una empreas?. Dedicado a los trabajadores due\u00f1os de las fabricas, a los trabajadores jueces, a los trabajadores policias, a los chotas&#8230;<\/p>\n<p align=\"center\"><em><strong>TRABAJO TE VAMOS A MACHACAR.<\/strong><\/em><\/p>\n<p align=\"left\">\n<p align=\"center\">\n","protected":false},"excerpt":{"rendered":"<p>Como todos ya sabemos\u00a0 existe una crisis econ\u00f3mica, por mucho que nuestros pol\u00ed\u00adticos se nieguen a aceptarla, si en el fondo lo hacen por nuestro bien, para que no cunda el p\u00e1nico. Uno de los primeros sectores en sufrirla ha sido la construcci\u00f3n, pero ojo, la construcci\u00f3n lleva detras muchas otras empresas que tambi\u00e9n se&#8230;  <a href=\"https:\/\/diariodevurgos.com\/dvwps\/crisis-en-la-gala.php\" class=\"more-link\" title=\"Read Crisis en &#8220;La Gala&#8221;\">Read more &raquo;<\/a><\/p>\n","protected":false},"author":7,"featured_media":0,"comment_status":"open","ping_status":"closed","sticky":false,"template":"","format":"standard","meta":[],"categories":[2],"tags":[],"_links":{"self":[{"href":"https:\/\/diariodevurgos.com\/dvwps\/wp-json\/wp\/v2\/posts\/1507"}],"collection":[{"href":"https:\/\/diariodevurgos.com\/dvwps\/wp-json\/wp\/v2\/posts"}],"about":[{"href":"https:\/\/diariodevurgos.com\/dvwps\/wp-json\/wp\/v2\/types\/post"}],"author":[{"embeddable":true,"href":"https:\/\/diariodevurgos.com\/dvwps\/wp-json\/wp\/v2\/users\/7"}],"replies":[{"embeddable":true,"href":"https:\/\/diariodevurgos.com\/dvwps\/wp-json\/wp\/v2\/comments?post=1507"}],"version-history":[{"count":0,"href":"https:\/\/diariodevurgos.com\/dvwps\/wp-json\/wp\/v2\/posts\/1507\/revisions"}],"wp:attachment":[{"href":"https:\/\/diariodevurgos.com\/dvwps\/wp-json\/wp\/v2\/media?parent=1507"}],"wp:term":[{"taxonomy":"category","embeddable":true,"href":"https:\/\/diariodevurgos.com\/dvwps\/wp-json\/wp\/v2\/categories?post=1507"},{"taxonomy":"post_tag","embeddable":true,"href":"https:\/\/diariodevurgos.com\/dvwps\/wp-json\/wp\/v2\/tags?post=1507"}],"curies":[{"name":"wp","href":"https:\/\/api.w.org\/{rel}","templated":true}]}}