{"id":15072,"date":"2015-07-13T01:14:02","date_gmt":"2015-07-13T00:14:02","guid":{"rendered":"http:\/\/diariodevurgos.com\/dvwps\/?p=15072"},"modified":"2015-07-13T09:53:00","modified_gmt":"2015-07-13T08:53:00","slug":"la-casa-es-para-quien-la-habita","status":"publish","type":"post","link":"https:\/\/diariodevurgos.com\/dvwps\/la-casa-es-para-quien-la-habita.php","title":{"rendered":"La casa es para quien la habita. Jornada sobre vivienda en el CSR Gamonal"},"content":{"rendered":"<p class=\"lead\">El proximo<strong> lunes 20<\/strong> de Julio\u00a0 se llevar\u00e1 a cabo una Jornada sobre vivienda en las traseras del <strong>Centro Social Recuperado Gamonal<\/strong> (jardines de la antigua de Gamonal), que contar\u00e1 con la presencia de personas v\u00ed\u00adnculadas a grupos de vivienda de Tetuan en Madrid y Sants en Barcelona y se proyectar\u00e1 el documental <a href=\"https:\/\/www.youtube.com\/watch?v=i4nNenrDYlk\"><em>Quebrados<\/em><\/a>, montaje audiovisual sobre el desalojo y derribo de Ofelia Nieto 29<\/p>\n<p><a href=\"http:\/\/diariodevurgos.com\/dvwps\/wp-content\/uploads\/2015\/07\/cartel.jpg\"><img loading=\"lazy\" class=\"aligncenter  wp-image-15073\" src=\"http:\/\/diariodevurgos.com\/dvwps\/wp-content\/uploads\/2015\/07\/cartel.jpg\" alt=\"cartel\" width=\"389\" height=\"551\" srcset=\"https:\/\/diariodevurgos.com\/dvwps\/wp-content\/uploads\/2015\/07\/cartel.jpg 599w, https:\/\/diariodevurgos.com\/dvwps\/wp-content\/uploads\/2015\/07\/cartel-212x300.jpg 212w, https:\/\/diariodevurgos.com\/dvwps\/wp-content\/uploads\/2015\/07\/cartel-100x142.jpg 100w, https:\/\/diariodevurgos.com\/dvwps\/wp-content\/uploads\/2015\/07\/cartel-150x213.jpg 150w, https:\/\/diariodevurgos.com\/dvwps\/wp-content\/uploads\/2015\/07\/cartel-200x283.jpg 200w, https:\/\/diariodevurgos.com\/dvwps\/wp-content\/uploads\/2015\/07\/cartel-300x425.jpg 300w, https:\/\/diariodevurgos.com\/dvwps\/wp-content\/uploads\/2015\/07\/cartel-450x638.jpg 450w\" sizes=\"(max-width: 389px) 100vw, 389px\" \/><\/a><br \/>\n<!--more-->Sobre las charlas:<br \/>\nEl <a href=\"http:\/\/tetuan.tomalosbarrios.net\/category\/desahucios-viviendas\/\">Grupo de Vivienda de Tetuan<\/a> surge en el a\u00f1o 2011. Desde entonces han sido numerosas las luchas que han ido desarrollando en torno a la vivienda, siendo la mas conocida de ellas la lucha de Ofelia Nieto 29.<br \/>\nEl <a href=\"%20https:\/\/acciollibertariasants.wordpress.com\/category\/grup-dhabitatge-de-sants\/\">Grupo de vivienda de Sants<\/a> surge en Marzo de este mismo a\u00f1o bajo el lema de &#8220;que nadie se aproveche de la necesidad de tener un techo&#8221;. Desde entonces ha venido llevando diferentes conflictos y actividades.<\/p>\n<p style=\"text-align: center;\"><a href=\"http:\/\/diariodevurgos.com\/dvwps\/wp-content\/uploads\/2015\/07\/ofe.jpg\"><img loading=\"lazy\" class=\"aligncenter size-full wp-image-15074\" src=\"http:\/\/diariodevurgos.com\/dvwps\/wp-content\/uploads\/2015\/07\/ofe.jpg\" alt=\"ofe\" width=\"470\" height=\"260\" srcset=\"https:\/\/diariodevurgos.com\/dvwps\/wp-content\/uploads\/2015\/07\/ofe.jpg 470w, https:\/\/diariodevurgos.com\/dvwps\/wp-content\/uploads\/2015\/07\/ofe-300x166.jpg 300w, https:\/\/diariodevurgos.com\/dvwps\/wp-content\/uploads\/2015\/07\/ofe-100x55.jpg 100w, https:\/\/diariodevurgos.com\/dvwps\/wp-content\/uploads\/2015\/07\/ofe-150x83.jpg 150w, https:\/\/diariodevurgos.com\/dvwps\/wp-content\/uploads\/2015\/07\/ofe-200x111.jpg 200w, https:\/\/diariodevurgos.com\/dvwps\/wp-content\/uploads\/2015\/07\/ofe-450x249.jpg 450w\" sizes=\"(max-width: 470px) 100vw, 470px\" \/><\/a><\/p>\n<p>Sobre el documental:<br \/>\n<strong>QUEBRADOS<\/strong>, la segunda parte de 6m\u00b2, abarca uno de los temas calientes en la Espa\u00f1a de hoy, los desahucios y es una historia de lucha social filmada en agosto de 2013 y febrero de 2015 en la calle de Ofelia Nieto, 29 en el barrio de Tetu\u00e1n de Madrid.<br \/>\nPara el ayuntamiento de Madrid, los seis metros cuadrados de acera que ocupa la casa de la familia Gracia Gonz\u00e1lez son suficientes para derribar la vivienda. Los padres, las dos hijas y sus familias luchan desde hace diez a\u00f1os para que se le reconozca el derecho a poder vivir en la casa donde han crecido. Una historia de lucha social para poder rescatar su propia dignidad y el derecho a la propiedad. Filmado en el momento de mayor tensi\u00f3n con el ayuntamiento de Madrid, en agosto de 2013, cuando la polic\u00ed\u00ada estaba dispuesta a desalojar y permitir el derribo de la vivienda en la calle Ofelia Nieto 29, en el barrio residencial de Tetu\u00e1n y en Febrero de 2015 cuando se produce el desenlace final. Los protagonistas de este emocionante documental, que abarca uno de los temas calientes en la Espa\u00f1a de hoy inmersa en una profunda crisis econ\u00f3mica, son no solamente la valiente familia Gracia Gonz\u00e1lez, si no tambi\u00e9n toda una red popular de apoyo que ha concentrado a centenares de personas que creen en la justicia y luchan contra la corrupci\u00f3n cada d\u00ed\u00ada.<\/p>\n<p>&nbsp;<\/p>\n","protected":false},"excerpt":{"rendered":"<p>El proximo lunes 20 de Julio\u00a0 se llevar\u00e1 a cabo una Jornada sobre vivienda en las traseras del Centro Social Recuperado Gamonal (jardines de la antigua de Gamonal), que contar\u00e1 con la presencia de personas v\u00ed\u00adnculadas a grupos de vivienda de Tetuan en Madrid y Sants en Barcelona y se proyectar\u00e1 el documental Quebrados, montaje&#8230;  <a href=\"https:\/\/diariodevurgos.com\/dvwps\/la-casa-es-para-quien-la-habita.php\" class=\"more-link\" title=\"Read La casa es para quien la habita. Jornada sobre vivienda en el CSR Gamonal\">Read more &raquo;<\/a><\/p>\n","protected":false},"author":21,"featured_media":0,"comment_status":"open","ping_status":"closed","sticky":false,"template":"","format":"standard","meta":[],"categories":[2,57,78,12,27],"tags":[],"_links":{"self":[{"href":"https:\/\/diariodevurgos.com\/dvwps\/wp-json\/wp\/v2\/posts\/15072"}],"collection":[{"href":"https:\/\/diariodevurgos.com\/dvwps\/wp-json\/wp\/v2\/posts"}],"about":[{"href":"https:\/\/diariodevurgos.com\/dvwps\/wp-json\/wp\/v2\/types\/post"}],"author":[{"embeddable":true,"href":"https:\/\/diariodevurgos.com\/dvwps\/wp-json\/wp\/v2\/users\/21"}],"replies":[{"embeddable":true,"href":"https:\/\/diariodevurgos.com\/dvwps\/wp-json\/wp\/v2\/comments?post=15072"}],"version-history":[{"count":4,"href":"https:\/\/diariodevurgos.com\/dvwps\/wp-json\/wp\/v2\/posts\/15072\/revisions"}],"predecessor-version":[{"id":15081,"href":"https:\/\/diariodevurgos.com\/dvwps\/wp-json\/wp\/v2\/posts\/15072\/revisions\/15081"}],"wp:attachment":[{"href":"https:\/\/diariodevurgos.com\/dvwps\/wp-json\/wp\/v2\/media?parent=15072"}],"wp:term":[{"taxonomy":"category","embeddable":true,"href":"https:\/\/diariodevurgos.com\/dvwps\/wp-json\/wp\/v2\/categories?post=15072"},{"taxonomy":"post_tag","embeddable":true,"href":"https:\/\/diariodevurgos.com\/dvwps\/wp-json\/wp\/v2\/tags?post=15072"}],"curies":[{"name":"wp","href":"https:\/\/api.w.org\/{rel}","templated":true}]}}