{"id":15085,"date":"2015-07-16T14:39:31","date_gmt":"2015-07-16T13:39:31","guid":{"rendered":"http:\/\/diariodevurgos.com\/dvwps\/?p=15085"},"modified":"2015-07-19T23:01:50","modified_gmt":"2015-07-19T22:01:50","slug":"manifestacion-contra-el-fracking-en-mozuelos-de-sedano","status":"publish","type":"post","link":"https:\/\/diariodevurgos.com\/dvwps\/manifestacion-contra-el-fracking-en-mozuelos-de-sedano.php","title":{"rendered":"Manifestaci\u00f3n contra el Fracking en Mozuelos de Sedano"},"content":{"rendered":"<p class=\"lead\">El pr\u00f3ximo domingo 26 de Julio habr\u00e1 una jornada contra el Fracking y las no convencionales en Mozuelos de Sedano.<a href=\"http:\/\/diariodevurgos.com\/dvwps\/wp-content\/uploads\/2015\/07\/mozuelos.jpg\"><img loading=\"lazy\" class=\"  wp-image-15086 aligncenter\" src=\"http:\/\/diariodevurgos.com\/dvwps\/wp-content\/uploads\/2015\/07\/mozuelos-1024x768.jpg\" alt=\"mozuelos\" width=\"449\" height=\"337\" srcset=\"https:\/\/diariodevurgos.com\/dvwps\/wp-content\/uploads\/2015\/07\/mozuelos-1024x768.jpg 1024w, https:\/\/diariodevurgos.com\/dvwps\/wp-content\/uploads\/2015\/07\/mozuelos-300x225.jpg 300w, https:\/\/diariodevurgos.com\/dvwps\/wp-content\/uploads\/2015\/07\/mozuelos-100x75.jpg 100w, https:\/\/diariodevurgos.com\/dvwps\/wp-content\/uploads\/2015\/07\/mozuelos-150x113.jpg 150w, https:\/\/diariodevurgos.com\/dvwps\/wp-content\/uploads\/2015\/07\/mozuelos-200x150.jpg 200w, https:\/\/diariodevurgos.com\/dvwps\/wp-content\/uploads\/2015\/07\/mozuelos-450x338.jpg 450w, https:\/\/diariodevurgos.com\/dvwps\/wp-content\/uploads\/2015\/07\/mozuelos-600x450.jpg 600w, https:\/\/diariodevurgos.com\/dvwps\/wp-content\/uploads\/2015\/07\/mozuelos-900x675.jpg 900w, https:\/\/diariodevurgos.com\/dvwps\/wp-content\/uploads\/2015\/07\/mozuelos.jpg 2048w\" sizes=\"(max-width: 449px) 100vw, 449px\" \/><\/a><\/p>\n<p>Tambien el pr\u00f3ximo domingo 19 de Julio habr\u00e1 una jornada festiva antifracking en el valle de mena.<\/p>\n<a href=\"http:\/\/diariodevurgos.com\/dvwps\/wp-content\/uploads\/2015\/07\/cartel_mena2.jpg\"><img loading=\"lazy\" class=\"  wp-image-15087 aligncenter\" src=\"http:\/\/diariodevurgos.com\/dvwps\/wp-content\/uploads\/2015\/07\/cartel_mena2-722x1024.jpg\" alt=\"cartel_mena2\" width=\"443\" height=\"629\" srcset=\"https:\/\/diariodevurgos.com\/dvwps\/wp-content\/uploads\/2015\/07\/cartel_mena2-722x1024.jpg 722w, https:\/\/diariodevurgos.com\/dvwps\/wp-content\/uploads\/2015\/07\/cartel_mena2-211x300.jpg 211w, https:\/\/diariodevurgos.com\/dvwps\/wp-content\/uploads\/2015\/07\/cartel_mena2-100x142.jpg 100w, https:\/\/diariodevurgos.com\/dvwps\/wp-content\/uploads\/2015\/07\/cartel_mena2-150x213.jpg 150w, https:\/\/diariodevurgos.com\/dvwps\/wp-content\/uploads\/2015\/07\/cartel_mena2-200x284.jpg 200w, https:\/\/diariodevurgos.com\/dvwps\/wp-content\/uploads\/2015\/07\/cartel_mena2-300x426.jpg 300w, https:\/\/diariodevurgos.com\/dvwps\/wp-content\/uploads\/2015\/07\/cartel_mena2-450x638.jpg 450w, https:\/\/diariodevurgos.com\/dvwps\/wp-content\/uploads\/2015\/07\/cartel_mena2-600x851.jpg 600w, https:\/\/diariodevurgos.com\/dvwps\/wp-content\/uploads\/2015\/07\/cartel_mena2-900x1277.jpg 900w\" sizes=\"(max-width: 443px) 100vw, 443px\" \/><\/a>\n","protected":false},"excerpt":{"rendered":"<p>El pr\u00f3ximo domingo 26 de Julio habr\u00e1 una jornada contra el Fracking y las no convencionales en Mozuelos de Sedano. Tambien el pr\u00f3ximo domingo 19 de Julio habr\u00e1 una jornada festiva antifracking en el valle de mena.<\/p>\n","protected":false},"author":21,"featured_media":0,"comment_status":"open","ping_status":"closed","sticky":false,"template":"","format":"standard","meta":[],"categories":[2,57,54],"tags":[],"_links":{"self":[{"href":"https:\/\/diariodevurgos.com\/dvwps\/wp-json\/wp\/v2\/posts\/15085"}],"collection":[{"href":"https:\/\/diariodevurgos.com\/dvwps\/wp-json\/wp\/v2\/posts"}],"about":[{"href":"https:\/\/diariodevurgos.com\/dvwps\/wp-json\/wp\/v2\/types\/post"}],"author":[{"embeddable":true,"href":"https:\/\/diariodevurgos.com\/dvwps\/wp-json\/wp\/v2\/users\/21"}],"replies":[{"embeddable":true,"href":"https:\/\/diariodevurgos.com\/dvwps\/wp-json\/wp\/v2\/comments?post=15085"}],"version-history":[{"count":3,"href":"https:\/\/diariodevurgos.com\/dvwps\/wp-json\/wp\/v2\/posts\/15085\/revisions"}],"predecessor-version":[{"id":15099,"href":"https:\/\/diariodevurgos.com\/dvwps\/wp-json\/wp\/v2\/posts\/15085\/revisions\/15099"}],"wp:attachment":[{"href":"https:\/\/diariodevurgos.com\/dvwps\/wp-json\/wp\/v2\/media?parent=15085"}],"wp:term":[{"taxonomy":"category","embeddable":true,"href":"https:\/\/diariodevurgos.com\/dvwps\/wp-json\/wp\/v2\/categories?post=15085"},{"taxonomy":"post_tag","embeddable":true,"href":"https:\/\/diariodevurgos.com\/dvwps\/wp-json\/wp\/v2\/tags?post=15085"}],"curies":[{"name":"wp","href":"https:\/\/api.w.org\/{rel}","templated":true}]}}