{"id":15092,"date":"2015-07-19T09:00:59","date_gmt":"2015-07-19T08:00:59","guid":{"rendered":"http:\/\/diariodevurgos.com\/dvwps\/?p=15092"},"modified":"2015-07-19T23:00:28","modified_gmt":"2015-07-19T22:00:28","slug":"caja-de-burgos-corrupcion-y-codicia-salarios-y-comision","status":"publish","type":"post","link":"https:\/\/diariodevurgos.com\/dvwps\/caja-de-burgos-corrupcion-y-codicia-salarios-y-comision.php","title":{"rendered":"Caja de burgos corrupci\u00f3n y codicia: Salarios y comisi\u00f3n"},"content":{"rendered":"<p class=\"lead\">A continuaci\u00f3n publicamos la \u00faltima parte del<a href=\"http:\/\/diariodevurgos.com\/dvwps\/caja-burgos-corrupcion-y-codicia-de-la-mano-del-pp.php\" target=\"_blank\"> dossier Caja de Burgos corrupci\u00f3n y codicia:<\/a><\/p>\n<p><span style=\"text-decoration: underline;\">Salarios y comisiones<\/span><\/p>\n<p align=\"JUSTIFY\">\u00a0<span style=\"font-family: Calibri, serif;\"><span style=\"font-size: large;\">Si entramos a hablar de los sueldos de los otros directivos, podemos comprobar que en medio de estos tiempos de crisis y recortes sus salarios no est\u00e1n a la altura del resto de la ciudadan\u00ed\u00ada: su director general, <\/span><\/span><span style=\"font-family: Calibri, serif;\"><span style=\"font-size: large;\"><b>Rafael Barbero<\/b><\/span><\/span><span style=\"font-family: Calibri, serif;\"><span style=\"font-size: large;\">, percib\u00ed\u00ada en 2014 como presidente de la Fundaci\u00f3n Caja Burgos la peque\u00f1a cantidad de 209.215 euros anuales; su secretario general, <\/span><\/span><span style=\"font-family: Calibri, serif;\"><span style=\"font-size: large;\"><b>Andr\u00e9s Carret\u00f3n<\/b><\/span><\/span><span style=\"font-family: Calibri, serif;\"><span style=\"font-size: large;\">, que entendemos trabajar\u00e1 la mistad del tiempo de su Presidente, es &#8220;castigado&#8221;\u009d con 118.280 euros; la responsable de la Obra Social, <\/span><\/span><span style=\"font-family: Calibri, serif;\"><span style=\"font-size: large;\"><b>Rosa P\u00e9rez<\/b><\/span><\/span><span style=\"font-family: Calibri, serif;\"><span style=\"font-size: large;\">, 128.471 euros, entendemos que parte de los mismos ser\u00e1n dirigidos a extender su inestimable labor &#8220;social&#8221;\u009d. <\/span><\/span><\/p>\n<p style=\"text-align: center;\" align=\"JUSTIFY\"><a href=\"http:\/\/diariodevurgos.com\/dvwps\/wp-content\/uploads\/2015\/07\/1.jpg\"><img loading=\"lazy\" class=\"aligncenter  wp-image-15097\" src=\"http:\/\/diariodevurgos.com\/dvwps\/wp-content\/uploads\/2015\/07\/1.jpg\" alt=\"1\" width=\"330\" height=\"251\" srcset=\"https:\/\/diariodevurgos.com\/dvwps\/wp-content\/uploads\/2015\/07\/1.jpg 383w, https:\/\/diariodevurgos.com\/dvwps\/wp-content\/uploads\/2015\/07\/1-300x228.jpg 300w, https:\/\/diariodevurgos.com\/dvwps\/wp-content\/uploads\/2015\/07\/1-100x76.jpg 100w, https:\/\/diariodevurgos.com\/dvwps\/wp-content\/uploads\/2015\/07\/1-150x114.jpg 150w, https:\/\/diariodevurgos.com\/dvwps\/wp-content\/uploads\/2015\/07\/1-200x152.jpg 200w\" sizes=\"(max-width: 330px) 100vw, 330px\" \/><\/a><\/p>\n<p align=\"JUSTIFY\"><!--more--><\/p>\n<p align=\"JUSTIFY\"><span style=\"font-family: Calibri, serif;\"><span style=\"font-size: large;\">No contentos con estas retribuci\u00f3n y mientras todo el pa\u00ed\u00ads segu\u00ed\u00ada tiritando, el se\u00f1or Barbero subi\u00f3 las n\u00f3minas de la Fundaci\u00f3n un 2%, ya que al parecer no les daba para pagar las facturas de la luz, de la misma manera que le ocurr\u00ed\u00ada a un \u00ed\u00adnclito pol\u00ed\u00adtico del PP gallego.<\/span><\/span><\/p>\n<p align=\"JUSTIFY\"><span style=\"font-family: Calibri, serif;\"><span style=\"font-size: large;\">Por otro lado, el actual presidente de Caja Burgos, <\/span><\/span><span style=\"font-family: Calibri, serif;\"><span style=\"font-size: large;\"><b>Jos\u00e9 Mar\u00ed\u00ada Leal Villalba<\/b><\/span><\/span><span style=\"font-family: Calibri, serif;\"><span style=\"font-size: large;\">, recibi\u00f3 de la nueva entidad due\u00f1a de esa caja 1,1 millones de euros para investigaci\u00f3n universitaria sobre el c\u00e1ncer &#8211; no el de la propia entidad, se entiende- a trav\u00e9s de una sociedad ubicada en Santiago de Compostela, presidida por su mujer y dirigida por un par de colaboradores. <\/span><\/span><\/p>\n<p align=\"JUSTIFY\"><span style=\"font-family: Calibri, serif;\"><span style=\"font-size: large;\">Al parecer, dos patronos de la Fundaci\u00f3n Caja de Burgos denunciaron adem\u00e1s que se les ocultan los sueldos de los empleados. E incluso han llegado<\/span><\/span><span style=\"font-family: Calibri, serif;\"><span style=\"font-size: large;\"> a sospechar que con el beneficio de los ahorros de la mayor\u00ed\u00ada de los burgaleses y burgalesas se pagan sueldos escandalosos, entre 30.000 y 60.000 \u00e2\u201a\u00ac anuales.<\/span><\/span><\/p>\n<p align=\"JUSTIFY\"><span style=\"font-family: Calibri, serif;\"><span style=\"font-size: large;\">Tambi\u00e9n se denunci\u00f3 la percepci\u00f3n de dietas al margen de lo establecido en los propios estatutos a favor de expresidente de la caja, quien percibi\u00f3 en concepto de &#8220;trabajos de organizaci\u00f3n, preparaci\u00f3n y coordinaci\u00f3n&#8221;\u009d 61.056 euros entre febrero y junio de 2010. Parece que, por su parte, \u00ed\u0081ngel Ib\u00e1\u00f1ez cobr\u00f3 24.000 \u00e2\u201a\u00ac por conceptos similares. Esto nos puede recordar a las famosas y recientes asesor\u00ed\u00adas verbales del Diputado Pujalte y el embajador Trillo en la &#8220;trama e\u00f3lica&#8221;\u009d<\/span><\/span><\/p>\n<p align=\"JUSTIFY\"><span style=\"font-family: Times New Roman, serif;\"><span style=\"font-size: medium;\"><span style=\"font-family: Calibri, serif;\"><span style=\"font-size: large;\">Otros partidos no se libran tampoco de la quema. Por ejemplo, el exconcejal Luis Escribano (PSOE) cobr\u00f3 unos 12.000 euros anuales de 2004 a 2011. Quiz\u00e1s por eso de denunciar los esc\u00e1ndalos anteriormente citados, nada. Quien sabe si el silencio no es m\u00e1s que un precio.<\/span><\/span><\/span><\/span><\/p>\n<p align=\"JUSTIFY\"><span style=\"font-family: Times New Roman, serif;\"><span style=\"font-size: medium;\"><span style=\"font-family: Calibri, serif;\"><span style=\"font-size: large;\">Para acabar con este ignominioso compendio de abusos, corrupci\u00f3n y despilfarro, citaremos el \u00faltimo esc\u00e1ndalo. \u00bfRecuerdan las grandes controversias de la multimillonaria reforma de la plaza de toros, que origin\u00f3 duras movilizaciones y un conflicto por el que numerosas burgalesas y burgaleses tienen abiertos procesos administrativos y judiciales? Pues bien, para salvar la cara a Javier Lacalle y \u00ed\u0081ngel Ib\u00e1\u00f1ez, los directivos de esta entidad han decidido dedicar cerca de un mill\u00f3n de euros a costear el dise\u00f1o del proyecto e introducir mejoras adicionales. Todo esto para que el Partido Popular pueda presumir de que el Ayuntamiento no tendr\u00e1 que pagar m\u00e1s de lo inicialmente previsto (en total, unos ocho millones de euros, de momento). Una vez m\u00e1s, los fondos de la obra social van destinados a una obra especulativa, de la que se beneficia el inefable Antonio Miguel <\/span><\/span><span style=\"font-family: Calibri, serif;\"><span style=\"font-size: large;\"><b>M\u00e9ndez Pozo, para cerrar el c\u00ed\u00adrculo<\/b><\/span><\/span><span style=\"font-family: Calibri, serif;\"><span style=\"font-size: large;\">.<\/span><\/span><\/span><\/span><\/p>\n<p align=\"JUSTIFY\"><span style=\"font-family: Calibri, serif;\"><span style=\"font-size: large;\">La historia de esta caja nos muestra, en fin, que en buena medida su funci\u00f3n ha sido la de enriquecer a sus directivos y favorecer la especulaci\u00f3n urban\u00ed\u00adstica, con la que se lucran. Hip\u00f3critamente, tratan de justificar la existencia de la caja con la &#8220;obra social&#8221;\u009d, mientras la nave nodriza a la que pertenecen no tiene escr\u00fapulos para dejar a familias en la calle, tapiar locales p\u00fablicos o saquear los fondos de la entidad. Siguen, eso s\u00ed\u00ad, financiando la cultura, a su manera. Ante la falta de oportunidades de esta ciudad, las personas creadoras y vinculadas al arte se ven forzadas a colaborar con esta Caja, aunque sea con la pinza en la nariz.<\/span><\/span><\/p>\n<p align=\"JUSTIFY\"><span style=\"font-family: Calibri, serif;\"><span style=\"font-size: large;\">Los y las personas que damos vida al\u00a0 Centro Social Recuperado de Gamonal anunciamos que no nos quedaremos de brazos cruzados, Seguiremos reafirm\u00e1ndonos en nuestra apuesta por la autogesti\u00f3n y el apoyo mutuo en el CS R de Gamonal, por mucho que los directivos de la Caja nos denuncien y quieran tapiar el espacio, que es de todos, de nuevo.<\/span><\/span><\/p>\n<p align=\"CENTER\"><span style=\"font-family: Calibri, serif;\"><span style=\"font-size: xx-large;\"><b>DONDE LAS DAN, LAS TOMAN<\/b><\/span><\/span><\/p>\n<p align=\"CENTER\"><span style=\"font-family: Calibri, serif;\"><span style=\"font-size: xx-large;\"><b>CSR \u2013GAMONAL<\/b><\/span><\/span><\/p>\n","protected":false},"excerpt":{"rendered":"<p>A continuaci\u00f3n publicamos la \u00faltima parte del dossier Caja de Burgos corrupci\u00f3n y codicia: Salarios y comisiones \u00a0Si entramos a hablar de los sueldos de los otros directivos, podemos comprobar que en medio de estos tiempos de crisis y recortes sus salarios no est\u00e1n a la altura del resto de la ciudadan\u00ed\u00ada: su director general,&#8230;  <a href=\"https:\/\/diariodevurgos.com\/dvwps\/caja-de-burgos-corrupcion-y-codicia-salarios-y-comision.php\" class=\"more-link\" title=\"Read Caja de burgos corrupci\u00f3n y codicia: Salarios y comisi\u00f3n\">Read more &raquo;<\/a><\/p>\n","protected":false},"author":8,"featured_media":0,"comment_status":"open","ping_status":"closed","sticky":false,"template":"","format":"standard","meta":[],"categories":[2,83,7],"tags":[],"_links":{"self":[{"href":"https:\/\/diariodevurgos.com\/dvwps\/wp-json\/wp\/v2\/posts\/15092"}],"collection":[{"href":"https:\/\/diariodevurgos.com\/dvwps\/wp-json\/wp\/v2\/posts"}],"about":[{"href":"https:\/\/diariodevurgos.com\/dvwps\/wp-json\/wp\/v2\/types\/post"}],"author":[{"embeddable":true,"href":"https:\/\/diariodevurgos.com\/dvwps\/wp-json\/wp\/v2\/users\/8"}],"replies":[{"embeddable":true,"href":"https:\/\/diariodevurgos.com\/dvwps\/wp-json\/wp\/v2\/comments?post=15092"}],"version-history":[{"count":4,"href":"https:\/\/diariodevurgos.com\/dvwps\/wp-json\/wp\/v2\/posts\/15092\/revisions"}],"predecessor-version":[{"id":15098,"href":"https:\/\/diariodevurgos.com\/dvwps\/wp-json\/wp\/v2\/posts\/15092\/revisions\/15098"}],"wp:attachment":[{"href":"https:\/\/diariodevurgos.com\/dvwps\/wp-json\/wp\/v2\/media?parent=15092"}],"wp:term":[{"taxonomy":"category","embeddable":true,"href":"https:\/\/diariodevurgos.com\/dvwps\/wp-json\/wp\/v2\/categories?post=15092"},{"taxonomy":"post_tag","embeddable":true,"href":"https:\/\/diariodevurgos.com\/dvwps\/wp-json\/wp\/v2\/tags?post=15092"}],"curies":[{"name":"wp","href":"https:\/\/api.w.org\/{rel}","templated":true}]}}