{"id":15262,"date":"2015-09-16T15:17:10","date_gmt":"2015-09-16T14:17:10","guid":{"rendered":"http:\/\/diariodevurgos.com\/dvwps\/?p=15262"},"modified":"2015-09-17T15:19:53","modified_gmt":"2015-09-17T14:19:53","slug":"ii-encuentro-del-libro-y-del-fanzine-anarquista-de-valladolid","status":"publish","type":"post","link":"https:\/\/diariodevurgos.com\/dvwps\/ii-encuentro-del-libro-y-del-fanzine-anarquista-de-valladolid.php","title":{"rendered":"II Encuentro del Libro y del Fanzine Anarquista de Valladolid"},"content":{"rendered":"<p class=\"lead\">Del <strong>martes 29 de septiembre<\/strong> al <strong>domingo 4 de octubre<\/strong> tendr\u00e1 lugar el<a href=\"http:\/\/encuentroanarquistavalladolid2015.noblogs.org\/\"> II Encuentro del Libro y Fanzine Anarquista de Valladolid<\/a>. Un encuentro que busca llevar a la calle y a los espacios comunes las diferentes tem\u00e1ticas y cuestiones en torno a la edici\u00f3n, distribuci\u00f3n y debate de material de lectura de car\u00e1cter libertario. Para conocer el extenso programa de actividades se puede consultar ya<a href=\"http:\/\/encuentroanarquistavalladolid2015.noblogs.org\/programa\/\"> la web oficial de esta segunda edici\u00f3n del encuentro<\/a>.<\/p>\n<p>[vimeo]https:\/\/vimeo.com\/138527620[\/vimeo]<\/p>\n","protected":false},"excerpt":{"rendered":"<p>Del martes 29 de septiembre al domingo 4 de octubre tendr\u00e1 lugar el II Encuentro del Libro y Fanzine Anarquista de Valladolid. Un encuentro que busca llevar a la calle y a los espacios comunes las diferentes tem\u00e1ticas y cuestiones en torno a la edici\u00f3n, distribuci\u00f3n y debate de material de lectura de car\u00e1cter libertario&#8230;.  <a href=\"https:\/\/diariodevurgos.com\/dvwps\/ii-encuentro-del-libro-y-del-fanzine-anarquista-de-valladolid.php\" class=\"more-link\" title=\"Read II Encuentro del Libro y del Fanzine Anarquista de Valladolid\">Read more &raquo;<\/a><\/p>\n","protected":false},"author":2,"featured_media":0,"comment_status":"open","ping_status":"closed","sticky":false,"template":"","format":"standard","meta":[],"categories":[57,79,8,15],"tags":[],"_links":{"self":[{"href":"https:\/\/diariodevurgos.com\/dvwps\/wp-json\/wp\/v2\/posts\/15262"}],"collection":[{"href":"https:\/\/diariodevurgos.com\/dvwps\/wp-json\/wp\/v2\/posts"}],"about":[{"href":"https:\/\/diariodevurgos.com\/dvwps\/wp-json\/wp\/v2\/types\/post"}],"author":[{"embeddable":true,"href":"https:\/\/diariodevurgos.com\/dvwps\/wp-json\/wp\/v2\/users\/2"}],"replies":[{"embeddable":true,"href":"https:\/\/diariodevurgos.com\/dvwps\/wp-json\/wp\/v2\/comments?post=15262"}],"version-history":[{"count":1,"href":"https:\/\/diariodevurgos.com\/dvwps\/wp-json\/wp\/v2\/posts\/15262\/revisions"}],"predecessor-version":[{"id":15263,"href":"https:\/\/diariodevurgos.com\/dvwps\/wp-json\/wp\/v2\/posts\/15262\/revisions\/15263"}],"wp:attachment":[{"href":"https:\/\/diariodevurgos.com\/dvwps\/wp-json\/wp\/v2\/media?parent=15262"}],"wp:term":[{"taxonomy":"category","embeddable":true,"href":"https:\/\/diariodevurgos.com\/dvwps\/wp-json\/wp\/v2\/categories?post=15262"},{"taxonomy":"post_tag","embeddable":true,"href":"https:\/\/diariodevurgos.com\/dvwps\/wp-json\/wp\/v2\/tags?post=15262"}],"curies":[{"name":"wp","href":"https:\/\/api.w.org\/{rel}","templated":true}]}}