{"id":15288,"date":"2015-09-23T20:39:23","date_gmt":"2015-09-23T19:39:23","guid":{"rendered":"http:\/\/diariodevurgos.com\/dvwps\/?p=15288"},"modified":"2015-09-23T20:39:23","modified_gmt":"2015-09-23T19:39:23","slug":"que-la-lucha-no-muera-ante-la-adversidad-rebeldia-y-amistad","status":"publish","type":"post","link":"https:\/\/diariodevurgos.com\/dvwps\/que-la-lucha-no-muera-ante-la-adversidad-rebeldia-y-amistad.php","title":{"rendered":"Que la lucha no muera. Ante la adversidad: rebeld\u00ed\u00ada y amistad"},"content":{"rendered":"<p class=\"lead\">Ante la brutalidad del r\u00e9gimen que sufren, la deshumanizaci\u00f3n de sus vidas, la tortura que padecen tanto \u00e9l como sus compa\u00f1eros presos y la tristeza que inunda lo m\u00e1s hondo de sus almas, Xos\u00e9 decide sacar fuera de los muros toda esta barbarie por medio de la escritura, dando vida a&#8221;<strong>Huye, hombre, huye&#8221;<\/strong>. Este libro de denuncia, este alegato contra el sistema penal y penitenciario, estas ansias de libertad, se convertir\u00e1n en un escupitajo lleno de rabia y de reivindicaci\u00f3n, escupido a las mismas caras que protagonizan y amparan la represi\u00f3n, traduci\u00e9ndose al griego, italiano, alem\u00e1n, ingl\u00e9s, franc\u00e9s y editado en Argentina.<\/p>\n<p style=\"text-align: center;\"><a href=\"http:\/\/diariodevurgos.com\/dvwps\/wp-content\/uploads\/2015\/09\/que-la-lucha-no-muera3.jpg\"><img loading=\"lazy\" class=\"aligncenter  wp-image-15289\" src=\"http:\/\/diariodevurgos.com\/dvwps\/wp-content\/uploads\/2015\/09\/que-la-lucha-no-muera3.jpg\" alt=\"que-la-lucha-no-muera3\" width=\"274\" height=\"364\" srcset=\"https:\/\/diariodevurgos.com\/dvwps\/wp-content\/uploads\/2015\/09\/que-la-lucha-no-muera3.jpg 406w, https:\/\/diariodevurgos.com\/dvwps\/wp-content\/uploads\/2015\/09\/que-la-lucha-no-muera3-226x300.jpg 226w, https:\/\/diariodevurgos.com\/dvwps\/wp-content\/uploads\/2015\/09\/que-la-lucha-no-muera3-100x133.jpg 100w, https:\/\/diariodevurgos.com\/dvwps\/wp-content\/uploads\/2015\/09\/que-la-lucha-no-muera3-150x199.jpg 150w, https:\/\/diariodevurgos.com\/dvwps\/wp-content\/uploads\/2015\/09\/que-la-lucha-no-muera3-200x266.jpg 200w, https:\/\/diariodevurgos.com\/dvwps\/wp-content\/uploads\/2015\/09\/que-la-lucha-no-muera3-300x398.jpg 300w\" sizes=\"(max-width: 274px) 100vw, 274px\" \/><\/a><\/p>\n<p>Adem\u00e1s de este libro escribe numerosos textos sobre diferentes temas, sobre todo de tem\u00e1tica carcelaria, pero tambi\u00e9n de an\u00e1lisis de la actualidad de fuera, que segu\u00ed\u00ada tanto con inter\u00e9s como con preocupaci\u00f3n. Compone poes\u00ed\u00adas, la mayor\u00ed\u00ada de estas dedicadas con mucho amor a su incondicional madre. Aparte realiz\u00f3 numerosos cuadros donde predominan los colores vivos debido a su encierro y la ausencia de ellos dentro de prisi\u00f3n.<!--more--><\/p>\n<p>Aqu\u00ed\u00ad reproducimos tanto este material como un cap\u00ed\u00adtulo dedicado a Xos\u00e9, en el cual familiares, amigos y compa\u00f1eros le recuerdan de una manera especial, donde el cari\u00f1o y la pena son palpables. Por \u00faltimo, su madre Pastora contribuye con una introducci\u00f3n que no dejar\u00e1 indiferente a nadie, donde explica qu\u00e9 es lo que hicieron con su hijo para que acabara falleciendo.<\/p>\n<p>Xos\u00e9 nos transmite sus sentimientos sin edulcorar, lo que le llena de odio y de amor: la instituci\u00f3n carcelaria, las drogas, el F.I.E.S., el patriarcado, el Estado, la sociedad, las injusticias, la solidaridad, el amor, la amistad, su madre, la anarqu\u00ed\u00ada&#8230;<\/p>\n<p>Siempre dispuesto a ayudar a su gente, dar la cara por ellos y exigir lo que es justo. Recorriendo numerosas c\u00e1rceles del estado, este insurrecto gallego sabe bien de lo que habla, siendo de los primeros presos en sufrir en sus carnes el r\u00e9gimen F.I.E.S. Su esp\u00ed\u00adritu ingobernable y su solidaridad entre rebeldes le llevar\u00e1n a recibir multitud de partes, sanciones, humillaciones, cacheos, aislamientos, vejaciones, traslados, palizas&#8230; pero eso no le impedir\u00e1 intentar fugarse una y otra vez.<\/p>\n<p>Fue un rebelde social, un anarquista de pura cepa, nunca retrocedi\u00f3 en sus ideas, ni se vendi\u00f3 por nada ni por nadie, sigui\u00f3 siempre hacia adelante con la cabeza bien alta, luchando hasta que todos seamos libres&#8230;<\/p>\n<p>Su vida entera es pura rebeld\u00ed\u00ada y eso nunca se lo perdonaron.<\/p>\n<p>Decidiendo terminar de una manera deleznable con su vida, muriendo de c\u00e1rcel el 2 de enero del 2005.<\/p>\n<p>Chech\u00e9 te recordaremos siempre.<\/p>\n","protected":false},"excerpt":{"rendered":"<p>Ante la brutalidad del r\u00e9gimen que sufren, la deshumanizaci\u00f3n de sus vidas, la tortura que padecen tanto \u00e9l como sus compa\u00f1eros presos y la tristeza que inunda lo m\u00e1s hondo de sus almas, Xos\u00e9 decide sacar fuera de los muros toda esta barbarie por medio de la escritura, dando vida a&#8221;Huye, hombre, huye&#8221;. Este libro&#8230;  <a href=\"https:\/\/diariodevurgos.com\/dvwps\/que-la-lucha-no-muera-ante-la-adversidad-rebeldia-y-amistad.php\" class=\"more-link\" title=\"Read Que la lucha no muera. Ante la adversidad: rebeld\u00ed\u00ada y amistad\">Read more &raquo;<\/a><\/p>\n","protected":false},"author":2,"featured_media":0,"comment_status":"open","ping_status":"closed","sticky":false,"template":"","format":"standard","meta":[],"categories":[22,79,8],"tags":[],"_links":{"self":[{"href":"https:\/\/diariodevurgos.com\/dvwps\/wp-json\/wp\/v2\/posts\/15288"}],"collection":[{"href":"https:\/\/diariodevurgos.com\/dvwps\/wp-json\/wp\/v2\/posts"}],"about":[{"href":"https:\/\/diariodevurgos.com\/dvwps\/wp-json\/wp\/v2\/types\/post"}],"author":[{"embeddable":true,"href":"https:\/\/diariodevurgos.com\/dvwps\/wp-json\/wp\/v2\/users\/2"}],"replies":[{"embeddable":true,"href":"https:\/\/diariodevurgos.com\/dvwps\/wp-json\/wp\/v2\/comments?post=15288"}],"version-history":[{"count":1,"href":"https:\/\/diariodevurgos.com\/dvwps\/wp-json\/wp\/v2\/posts\/15288\/revisions"}],"predecessor-version":[{"id":15290,"href":"https:\/\/diariodevurgos.com\/dvwps\/wp-json\/wp\/v2\/posts\/15288\/revisions\/15290"}],"wp:attachment":[{"href":"https:\/\/diariodevurgos.com\/dvwps\/wp-json\/wp\/v2\/media?parent=15288"}],"wp:term":[{"taxonomy":"category","embeddable":true,"href":"https:\/\/diariodevurgos.com\/dvwps\/wp-json\/wp\/v2\/categories?post=15288"},{"taxonomy":"post_tag","embeddable":true,"href":"https:\/\/diariodevurgos.com\/dvwps\/wp-json\/wp\/v2\/tags?post=15288"}],"curies":[{"name":"wp","href":"https:\/\/api.w.org\/{rel}","templated":true}]}}